{"id":7755,"date":"2009-03-19T12:47:07","date_gmt":"2009-03-19T11:47:07","guid":{"rendered":"http:\/\/kulturbloggen.com\/?p=7755"},"modified":"2011-12-12T14:33:02","modified_gmt":"2011-12-12T13:33:02","slug":"stone-roses-aterforenas-inte-eller-gor-de","status":"publish","type":"post","link":"https:\/\/kulturbloggen.com\/?p=7755","title":{"rendered":"Stone Roses \u00e5terf\u00f6renas inte (eller g\u00f6r de?)"},"content":{"rendered":"<p>Ska Stone Roses f\u00f6lja Blurs fotsp\u00e5r och \u00e5terf\u00f6renas i sommar? <!--more-->Bara f\u00f6r n\u00e5gra dagar sen s\u00e5 skrev The Mirror om den sensationella nyheten men efter att forne gitarristen, som numera \u00e4gnar sig \u00e5t konst, John Squire kommenterat den m\u00f6jliga \u00e5terf\u00f6reningen p\u00e5 sitt s\u00e4tt s\u00e5 \u00e4r tong\u00e5ngarna annorlunda.<\/p>\n<p><a href=\"http:\/\/sodergren.com\/kulturbloggen\/wp-content\/uploads\/2009\/03\/johnsquireart.jpg\"><img loading=\"lazy\" decoding=\"async\" class=\"alignnone size-full wp-image-7799\" title=\"johnsquireart\" src=\"http:\/\/sodergren.com\/kulturbloggen\/wp-content\/uploads\/2009\/03\/johnsquireart.jpg\" alt=\"johnsquireart\" width=\"300\" height=\"184\" \/><\/a><\/p>\n<p>En bild s\u00e4ger mer \u00e4n tusen ord och f\u00f6r att g\u00f6ra det \u00f6vertydligt s\u00e5 st\u00e5r det som f\u00f6ljer p\u00e5 det ovanst\u00e5ende konstverket:<\/p>\n<p style=\"text-align: center;\">&#8221;I<br \/>\nHAVE<br \/>\nNO DESIRE<br \/>\nWHATSOEVER<br \/>\nTO<br \/>\nDESECRATE<br \/>\nTHE GRAVE<br \/>\nOF SEMINAL<br \/>\nMANCHESTER<br \/>\nPOP GROUP<br \/>\nTHE STONE ROSES<br \/>\n12.3.09&#8221;<\/p>\n<p style=\"text-align: left;\">\n<p><a href=\"http:\/\/www.aftonbladet.se\/nojesbladet\/musik\/article4685735.ab\">Aftonbladet<\/a> och <a href=\"http:\/\/www.nme.com\/news\/the-stone-roses\/43542\">NME<\/a> har ocks\u00e5 skrivit om detta.<\/p>\n<p><object width=\"425\" height=\"344\"><param name=\"movie\" value=\"http:\/\/www.youtube.com\/v\/9V5NttOr8Og&#038;hl=sv&#038;fs=1\"><\/param><param name=\"allowFullScreen\" value=\"true\"><\/param><param name=\"allowscriptaccess\" value=\"always\"><\/param><embed src=\"http:\/\/www.youtube.com\/v\/9V5NttOr8Og&#038;hl=sv&#038;fs=1\" type=\"application\/x-shockwave-flash\" allowscriptaccess=\"always\" allowfullscreen=\"true\" width=\"425\" height=\"344\"><\/embed><\/object><\/p>\n","protected":false},"excerpt":{"rendered":"<p>Ska Stone Roses f\u00f6lja Blurs fotsp\u00e5r och \u00e5terf\u00f6renas i sommar?<\/p>\n","protected":false},"author":3,"featured_media":0,"comment_status":"open","ping_status":"open","sticky":false,"template":"","format":"standard","meta":{"_genesis_hide_title":false,"_genesis_hide_breadcrumbs":false,"_genesis_hide_singular_image":false,"_genesis_hide_footer_widgets":false,"_genesis_custom_body_class":"","_genesis_custom_post_class":"","_genesis_layout":"","footnotes":""},"categories":[20],"tags":[12282],"class_list":{"0":"post-7755","1":"post","2":"type-post","3":"status-publish","4":"format-standard","6":"category-film","7":"tag-musik","8":"entry"},"_links":{"self":[{"href":"https:\/\/kulturbloggen.com\/index.php?rest_route=\/wp\/v2\/posts\/7755","targetHints":{"allow":["GET"]}}],"collection":[{"href":"https:\/\/kulturbloggen.com\/index.php?rest_route=\/wp\/v2\/posts"}],"about":[{"href":"https:\/\/kulturbloggen.com\/index.php?rest_route=\/wp\/v2\/types\/post"}],"author":[{"embeddable":true,"href":"https:\/\/kulturbloggen.com\/index.php?rest_route=\/wp\/v2\/users\/3"}],"replies":[{"embeddable":true,"href":"https:\/\/kulturbloggen.com\/index.php?rest_route=%2Fwp%2Fv2%2Fcomments&post=7755"}],"version-history":[{"count":1,"href":"https:\/\/kulturbloggen.com\/index.php?rest_route=\/wp\/v2\/posts\/7755\/revisions"}],"predecessor-version":[{"id":45666,"href":"https:\/\/kulturbloggen.com\/index.php?rest_route=\/wp\/v2\/posts\/7755\/revisions\/45666"}],"wp:attachment":[{"href":"https:\/\/kulturbloggen.com\/index.php?rest_route=%2Fwp%2Fv2%2Fmedia&parent=7755"}],"wp:term":[{"taxonomy":"category","embeddable":true,"href":"https:\/\/kulturbloggen.com\/index.php?rest_route=%2Fwp%2Fv2%2Fcategories&post=7755"},{"taxonomy":"post_tag","embeddable":true,"href":"https:\/\/kulturbloggen.com\/index.php?rest_route=%2Fwp%2Fv2%2Ftags&post=7755"}],"curies":[{"name":"wp","href":"https:\/\/api.w.org\/{rel}","templated":true}]}}