{"id":77375,"date":"2013-11-14T15:53:31","date_gmt":"2013-11-14T13:53:31","guid":{"rendered":"http:\/\/kulturbloggen.com\/?p=77375"},"modified":"2017-12-01T07:27:28","modified_gmt":"2017-12-01T06:27:28","slug":"filmpodcast-filmladan-3-evil-dead-2013","status":"publish","type":"post","link":"https:\/\/kulturbloggen.com\/?p=77375","title":{"rendered":"Filmpodcast: Filml\u00e5dan #3 &#8211; Evil Dead (2013)"},"content":{"rendered":"<p><a href=\"http:\/\/kulturbloggen.com\/wp-content\/uploads\/2013\/11\/evil-dead.jpeg\"><img loading=\"lazy\" decoding=\"async\" class=\"size-medium wp-image-77378 alignleft\" alt=\"evil dead\" src=\"http:\/\/kulturbloggen.com\/wp-content\/uploads\/2013\/11\/evil-dead-300x197.jpeg\" width=\"300\" height=\"197\" srcset=\"https:\/\/kulturbloggen.com\/wp-content\/uploads\/2013\/11\/evil-dead-300x197.jpeg 300w, https:\/\/kulturbloggen.com\/wp-content\/uploads\/2013\/11\/evil-dead.jpeg 602w\" sizes=\"auto, (max-width: 300px) 100vw, 300px\" \/><\/a>Filml\u00e5dan g\u00e5r in p\u00e5 sitt tredje avsnitt d\u00e4r remaken av Evil Dead recenseras. Topp 3 \u00e4r l\u00e4skigaste\/ot\u00e4ckaste filmscenerna d\u00e4r starka upplevelser, barndomens \u00f6vernaturligheter, bl\u00e4ckfiskfobier, vansinnets makt och r\u00e4dslan att tappa sitt jag diskuteras ing\u00e5ende. Det hela mynnar ut i en terapisession d\u00e4r smaken \u00e4r som baken &#8211; klyvd med en k\u00f6ttyxa..<\/p>\n<p>Skr\u00e4ck och \u00e5ngest i v\u00e5r spooktacular-special!<\/p>\n<p>&nbsp;<\/p>\n<p>&nbsp;<\/p>\n<p>&nbsp;<\/p>\n<p><a href=\"http:\/\/traffic.libsyn.com\/filmladan\/avsnitt3.mp3\"><strong>Ladda ner som mp3<\/strong>.<\/a><\/p>\n<p>SPELSCHEMA<\/p>\n<p>00.00-15.25 EVIL DEAD (2013)<br \/>\n15.25-52.06 TOPP 3 L\u00c4SKIGASTE\/OT\u00c4CKASTE SCENER<br \/>\n52.06-01.09.23 VAD VI HAR SETT [<em>The Conjuring, Attack of the Mushroom People, Seed of Chucky, Hardware, Rob Zombie&#8217;s Halloween, Halloween: Resurrection<\/em>]<\/p>\n<p>&nbsp;<\/p>\n<p><a href=\"https:\/\/itunes.apple.com\/se\/podcast\/filmladans-podcast\/id731118441?l=en\"><strong>L\u00e4nk till iTunes<\/strong><\/a><\/p>\n<p>&nbsp;<\/p>\n<audio class=\"wp-audio-shortcode\" id=\"audio-77375-1\" preload=\"none\" style=\"width: 100%;\" controls=\"controls\"><source type=\"audio\/mpeg\" src=\"http:\/\/traffic.libsyn.com\/filmladan\/avsnitt3.mp3?_=1\" \/><a href=\"http:\/\/traffic.libsyn.com\/filmladan\/avsnitt3.mp3\">http:\/\/traffic.libsyn.com\/filmladan\/avsnitt3.mp3<\/a><\/audio>\n","protected":false},"excerpt":{"rendered":"<p>Filml\u00e5dan g\u00e5r in p\u00e5 sitt tredje avsnitt d\u00e4r remaken av Evil Dead recenseras. Topp 3 \u00e4r l\u00e4skigaste\/ot\u00e4ckaste filmscenerna d\u00e4r starka upplevelser, barndomens \u00f6vernaturligheter, bl\u00e4ckfiskfobier, vansinnets makt och r\u00e4dslan att tappa sitt jag diskuteras ing\u00e5ende. Det hela mynnar ut i en terapisession d\u00e4r smaken \u00e4r som baken &#8211; klyvd med en k\u00f6ttyxa.. Skr\u00e4ck och \u00e5ngest i [&hellip;]<\/p>\n","protected":false},"author":13,"featured_media":0,"comment_status":"open","ping_status":"open","sticky":false,"template":"","format":"standard","meta":{"_genesis_hide_title":false,"_genesis_hide_breadcrumbs":false,"_genesis_hide_singular_image":false,"_genesis_hide_footer_widgets":false,"_genesis_custom_body_class":"","_genesis_custom_post_class":"","_genesis_layout":"","footnotes":""},"categories":[50],"tags":[6508,10532,6918,4407,5155],"class_list":{"0":"post-77375","1":"post","2":"type-post","3":"status-publish","4":"format-standard","6":"category-filmfilm","7":"tag-angest","8":"tag-evil-dead","9":"tag-filmkronikan-2","10":"tag-podcast","11":"tag-skrack","12":"entry"},"_links":{"self":[{"href":"https:\/\/kulturbloggen.com\/index.php?rest_route=\/wp\/v2\/posts\/77375","targetHints":{"allow":["GET"]}}],"collection":[{"href":"https:\/\/kulturbloggen.com\/index.php?rest_route=\/wp\/v2\/posts"}],"about":[{"href":"https:\/\/kulturbloggen.com\/index.php?rest_route=\/wp\/v2\/types\/post"}],"author":[{"embeddable":true,"href":"https:\/\/kulturbloggen.com\/index.php?rest_route=\/wp\/v2\/users\/13"}],"replies":[{"embeddable":true,"href":"https:\/\/kulturbloggen.com\/index.php?rest_route=%2Fwp%2Fv2%2Fcomments&post=77375"}],"version-history":[{"count":6,"href":"https:\/\/kulturbloggen.com\/index.php?rest_route=\/wp\/v2\/posts\/77375\/revisions"}],"predecessor-version":[{"id":77382,"href":"https:\/\/kulturbloggen.com\/index.php?rest_route=\/wp\/v2\/posts\/77375\/revisions\/77382"}],"wp:attachment":[{"href":"https:\/\/kulturbloggen.com\/index.php?rest_route=%2Fwp%2Fv2%2Fmedia&parent=77375"}],"wp:term":[{"taxonomy":"category","embeddable":true,"href":"https:\/\/kulturbloggen.com\/index.php?rest_route=%2Fwp%2Fv2%2Fcategories&post=77375"},{"taxonomy":"post_tag","embeddable":true,"href":"https:\/\/kulturbloggen.com\/index.php?rest_route=%2Fwp%2Fv2%2Ftags&post=77375"}],"curies":[{"name":"wp","href":"https:\/\/api.w.org\/{rel}","templated":true}]}}