{"id":7721,"date":"2009-03-14T22:19:37","date_gmt":"2009-03-14T21:19:37","guid":{"rendered":"http:\/\/kulturbloggen.com\/?p=7721"},"modified":"2009-03-14T22:19:37","modified_gmt":"2009-03-14T21:19:37","slug":"heja-svenska-folket-dags-att-skrota-bjorkman-dags-for-nytt-blod","status":"publish","type":"post","link":"https:\/\/kulturbloggen.com\/?p=7721","title":{"rendered":"Heja svenska folket &#8211; dags att skrota Bj\u00f6rkman, dags f\u00f6r nytt blod"},"content":{"rendered":"<p><img loading=\"lazy\" decoding=\"async\" src=\"http:\/\/sodergren.com\/kulturbloggen\/wp-content\/uploads\/2009\/03\/melodifestivalen290.jpg\" alt=\"melodifestivalen290\" title=\"melodifestivalen290\" width=\"290\" height=\"200\" class=\"alignnone size-full wp-image-7723\" \/><br \/>\nSvenska folket g\u00e5r inte i experternas ledband. Dags att Christer Bj\u00f6rkman och gamla g\u00e4nger som styr Melodifestivalen avg\u00e4r. N\u00e4r Bj\u00f6rkmans polare i juryn r\u00f6stat stod Mumsmums (urs\u00e4kta: M\u00e5ns Zelmerl\u00f6v) som vinnare. Men n\u00e4r folkets r\u00f6ster kom fram v\u00e4ndes allt upp och ner.  Malena Ernman som inte ens var bland de fem fr\u00e4msta n\u00e4r de s\u00e5 kallade experterna r\u00f6stat vann n\u00e4r folket sagt sitt.<br \/>\n<!--more--><br \/>\nStort grattis till Malena Ernman med operarock, och Caroline Ugglas som tv\u00e5a. N\u00e5got har h\u00e4nt. Svenska folket vill inte l\u00e4ngre ha discopop av glamour. Kanske beror det p\u00e5 finanskrisen.<br \/>\nMen en sak \u00e4r j\u00e4ttekonstig. Jag f\u00f6rs\u00f6kte r\u00f6sta i femton minuter p\u00e5 Heat, men det var om\u00f6jligt. Var det n\u00e5got fel p\u00e5 telefonsignalerna? \u00c4r det n\u00e5gon som har koll p\u00e5 det d\u00e4r?<br \/>\nMen hur som helst: N\u00e4r de s\u00e5 kallade experterna, eller med andra ord:  Bj\u00f6rkmans polare, r\u00f6stat: d\u00e5 ledde M\u00e5ns Zelmerl\u00f6v. I och f\u00f6r sig en duktig artist och en bra l\u00e5t, en \u00e4nd\u00e5 en l\u00e5t av samma stil som Sverige k\u00f6rt de senaste femton \u00e5ret och n\u00e5got som visat sig de sista omg\u00e5ngarna inte h\u00e5ller internationellt. Men svenska folket ligger f\u00f6re experterna och v\u00e5gar n\u00e5got nytt. En rockoperal\u00e5t vann &#8211; heja Sverige.<br \/>\nInv\u00e5narna i detta kallar sn\u00f6iga land har visat att det inte f\u00f6ljer traditioner.<br \/>\nFolket som leder svenska melodifestivalen m\u00e5ste inse: det \u00e4r dags att hoppa av.<br \/>\nI svenska hus och studios produceras och skapas en m\u00e4ngd sp\u00e4nnande bra musik. Det \u00e4r dags att f\u00f6rs\u00f6ka f\u00e5 dessa musiker att st\u00e4lla upp i s\u00e5dana h\u00e4r sammanhang. Malena har visat v\u00e4gen. Det \u00e4r dags f\u00f6r schlagermaffian att hoppa av och dags att inse under brinnande finanskris vill vi inte ha glamour av gammal stil.<\/p>\n<p>Svenska folket \u00e4r tusen miljoner g\u00e5nger modigare \u00e4n Christer Bj\u00f6rkman.         <\/p>\n<p>Relaterat.<br \/>\n<a href=\"http:\/\/www.aftonbladet.se\/nojesbladet\/melodifestivalen2009\/article4648642.ab\">Aftonbladet<\/a>, <a href=\"http:\/\/dn.se\/kultur-noje\/musik\/melodifestivalen-och-globen-1.821536\">Dagens Nyheter,<\/a> <a href=\"http:\/\/dn.se\/kultur-noje\/musik\/melodifestivalen-och-globen-1.821536\">Svenska Dagbladet<\/a><\/p>\n<p><img loading=\"lazy\" decoding=\"async\" src=\"http:\/\/sodergren.com\/kulturbloggen\/wp-content\/uploads\/2009\/03\/malena600-300x100.jpg\" alt=\"malena600\" title=\"malena600\" width=\"300\" height=\"100\" class=\"alignnone size-medium wp-image-7724\" \/><\/p>\n","protected":false},"excerpt":{"rendered":"<p>Svenska folket g\u00e5r inte i experternas ledband. Dags att Christer Bj\u00f6rkman och gamla g\u00e4nger som styr Melodifestivalen avg\u00e4r. N\u00e4r Bj\u00f6rkmans polare i juryn r\u00f6stat stod Mumsmums (urs\u00e4kta: M\u00e5ns Zelmerl\u00f6v) som vinnare. Men n\u00e4r folkets r\u00f6ster kom fram v\u00e4ndes allt upp och ner. Malena Ernman som inte ens var bland de fem fr\u00e4msta n\u00e4r de s\u00e5 [&hellip;]<\/p>\n","protected":false},"author":2,"featured_media":0,"comment_status":"open","ping_status":"open","sticky":false,"template":"","format":"standard","meta":{"_genesis_hide_title":false,"_genesis_hide_breadcrumbs":false,"_genesis_hide_singular_image":false,"_genesis_hide_footer_widgets":false,"_genesis_custom_body_class":"","_genesis_custom_post_class":"","_genesis_layout":"","footnotes":""},"categories":[20],"tags":[],"class_list":{"0":"post-7721","1":"post","2":"type-post","3":"status-publish","4":"format-standard","6":"category-film","7":"entry"},"_links":{"self":[{"href":"https:\/\/kulturbloggen.com\/index.php?rest_route=\/wp\/v2\/posts\/7721","targetHints":{"allow":["GET"]}}],"collection":[{"href":"https:\/\/kulturbloggen.com\/index.php?rest_route=\/wp\/v2\/posts"}],"about":[{"href":"https:\/\/kulturbloggen.com\/index.php?rest_route=\/wp\/v2\/types\/post"}],"author":[{"embeddable":true,"href":"https:\/\/kulturbloggen.com\/index.php?rest_route=\/wp\/v2\/users\/2"}],"replies":[{"embeddable":true,"href":"https:\/\/kulturbloggen.com\/index.php?rest_route=%2Fwp%2Fv2%2Fcomments&post=7721"}],"version-history":[{"count":0,"href":"https:\/\/kulturbloggen.com\/index.php?rest_route=\/wp\/v2\/posts\/7721\/revisions"}],"wp:attachment":[{"href":"https:\/\/kulturbloggen.com\/index.php?rest_route=%2Fwp%2Fv2%2Fmedia&parent=7721"}],"wp:term":[{"taxonomy":"category","embeddable":true,"href":"https:\/\/kulturbloggen.com\/index.php?rest_route=%2Fwp%2Fv2%2Fcategories&post=7721"},{"taxonomy":"post_tag","embeddable":true,"href":"https:\/\/kulturbloggen.com\/index.php?rest_route=%2Fwp%2Fv2%2Ftags&post=7721"}],"curies":[{"name":"wp","href":"https:\/\/api.w.org\/{rel}","templated":true}]}}