{"id":76937,"date":"2013-11-04T15:25:38","date_gmt":"2013-11-04T13:25:38","guid":{"rendered":"http:\/\/kulturbloggen.com\/?p=76937"},"modified":"2013-11-04T15:25:38","modified_gmt":"2013-11-04T13:25:38","slug":"peace-love-ateruppstar-nasta-sommar","status":"publish","type":"post","link":"https:\/\/kulturbloggen.com\/?p=76937","title":{"rendered":"Peace &#038; Love \u00e5teruppst\u00e5r n\u00e4sta sommar"},"content":{"rendered":"<p><a href=\"http:\/\/kulturbloggen.com\/wp-content\/uploads\/2013\/11\/pl.jpg\"><img loading=\"lazy\" decoding=\"async\" class=\"aligncenter size-medium wp-image-76938\" alt=\"pl\" src=\"http:\/\/kulturbloggen.com\/wp-content\/uploads\/2013\/11\/pl-300x169.jpg\" width=\"300\" height=\"169\" srcset=\"https:\/\/kulturbloggen.com\/wp-content\/uploads\/2013\/11\/pl-300x169.jpg 300w, https:\/\/kulturbloggen.com\/wp-content\/uploads\/2013\/11\/pl.jpg 640w\" sizes=\"auto, (max-width: 300px) 100vw, 300px\" \/><\/a><\/p>\n<p>I v\u00e5ras m\u00f6ttes vi av chockbeskedet att Sveriges st\u00f6rsta festival &#8212; trots bokningar som Depeche Mode, H\u00e5kan Hellstr\u00f6m och Pet Shop Boys &#8212; gick i konkurs, och termen &#8221;festivald\u00f6den&#8221; spred sig som en l\u00f6peld i svensk media.\u00a0Men Borl\u00e4nge-festivalen Peace &amp; Love \u00e5teruppst\u00e5r och g\u00e5r tillbaka till sina r\u00f6tter, det avsl\u00f6jar <strong><a href=\"http:\/\/www.dt.se\/nojekultur\/peacelove\/1.6451125-peace-love-ateruppstar\">DT<\/a><\/strong> idag. Den ideella stiftelsen Peace &amp; Love Foundation kommer st\u00e5 som arrang\u00f6rer f\u00f6r 2014 \u00e5rs evenemang som allts\u00e5 g\u00e5r tillbaka till r\u00f6tterna med ett mindre format.<\/p>\n<p><em>\u2013 Vi har s\u00f6kt tillst\u00e5nd f\u00f6r flera veckor under sommaren s\u00e5 vi kan ha flera alternativ \u00f6ppna<\/em>, s\u00e4ger arrang\u00f6ren.<\/p>\n<p>Festivalen kommer h\u00e5lla till kring\u00a0centrum och Folkets park. M\u00e5let \u00e4r att inom en m\u00e5nad presentera\u00a0omfattning, inneh\u00e5ll och datum.<\/p>\n","protected":false},"excerpt":{"rendered":"<p>I v\u00e5ras m\u00f6ttes vi av chockbeskedet att Sveriges st\u00f6rsta festival &#8212; trots bokningar som Depeche Mode, H\u00e5kan Hellstr\u00f6m och Pet Shop Boys &#8212; gick i konkurs, och termen &#8221;festivald\u00f6den&#8221; spred sig som en l\u00f6peld i svensk media.\u00a0Men Borl\u00e4nge-festivalen Peace &amp; Love \u00e5teruppst\u00e5r och g\u00e5r tillbaka till sina r\u00f6tter, det avsl\u00f6jar DT idag. Den ideella stiftelsen [&hellip;]<\/p>\n","protected":false},"author":3,"featured_media":0,"comment_status":"open","ping_status":"open","sticky":false,"template":"","format":"standard","meta":{"_genesis_hide_title":false,"_genesis_hide_breadcrumbs":false,"_genesis_hide_singular_image":false,"_genesis_hide_footer_widgets":false,"_genesis_custom_body_class":"","_genesis_custom_post_class":"","_genesis_layout":"","footnotes":""},"categories":[7],"tags":[4290],"class_list":{"0":"post-76937","1":"post","2":"type-post","3":"status-publish","4":"format-standard","6":"category-musik","7":"tag-peace-love","8":"entry"},"_links":{"self":[{"href":"https:\/\/kulturbloggen.com\/index.php?rest_route=\/wp\/v2\/posts\/76937","targetHints":{"allow":["GET"]}}],"collection":[{"href":"https:\/\/kulturbloggen.com\/index.php?rest_route=\/wp\/v2\/posts"}],"about":[{"href":"https:\/\/kulturbloggen.com\/index.php?rest_route=\/wp\/v2\/types\/post"}],"author":[{"embeddable":true,"href":"https:\/\/kulturbloggen.com\/index.php?rest_route=\/wp\/v2\/users\/3"}],"replies":[{"embeddable":true,"href":"https:\/\/kulturbloggen.com\/index.php?rest_route=%2Fwp%2Fv2%2Fcomments&post=76937"}],"version-history":[{"count":1,"href":"https:\/\/kulturbloggen.com\/index.php?rest_route=\/wp\/v2\/posts\/76937\/revisions"}],"predecessor-version":[{"id":76939,"href":"https:\/\/kulturbloggen.com\/index.php?rest_route=\/wp\/v2\/posts\/76937\/revisions\/76939"}],"wp:attachment":[{"href":"https:\/\/kulturbloggen.com\/index.php?rest_route=%2Fwp%2Fv2%2Fmedia&parent=76937"}],"wp:term":[{"taxonomy":"category","embeddable":true,"href":"https:\/\/kulturbloggen.com\/index.php?rest_route=%2Fwp%2Fv2%2Fcategories&post=76937"},{"taxonomy":"post_tag","embeddable":true,"href":"https:\/\/kulturbloggen.com\/index.php?rest_route=%2Fwp%2Fv2%2Ftags&post=76937"}],"curies":[{"name":"wp","href":"https:\/\/api.w.org\/{rel}","templated":true}]}}