{"id":76923,"date":"2013-11-04T12:56:03","date_gmt":"2013-11-04T10:56:03","guid":{"rendered":"http:\/\/kulturbloggen.com\/?p=76923"},"modified":"2013-11-05T15:50:10","modified_gmt":"2013-11-05T13:50:10","slug":"david-bowie-klar-for-primavera-sound","status":"publish","type":"post","link":"https:\/\/kulturbloggen.com\/?p=76923","title":{"rendered":"David Bowie klar f\u00f6r Primavera Sound?"},"content":{"rendered":"<p><a href=\"http:\/\/kulturbloggen.com\/wp-content\/uploads\/2013\/11\/bowie.jpg\"><img loading=\"lazy\" decoding=\"async\" class=\"aligncenter size-medium wp-image-76924\" alt=\"bowie\" src=\"http:\/\/kulturbloggen.com\/wp-content\/uploads\/2013\/11\/bowie-225x300.jpg\" width=\"225\" height=\"300\" srcset=\"https:\/\/kulturbloggen.com\/wp-content\/uploads\/2013\/11\/bowie-225x300.jpg 225w, https:\/\/kulturbloggen.com\/wp-content\/uploads\/2013\/11\/bowie.jpg 600w\" sizes=\"auto, (max-width: 225px) 100vw, 225px\" \/><\/a><\/p>\n<p>Det \u00e4r den tiden p\u00e5 \u00e5ret igen, sommaren \u00e4r sedan l\u00e4nge \u00f6ver och det \u00e4r dags att b\u00f6rja spekulera vilka artister som kan t\u00e4nkas bege sig ut p\u00e5 v\u00e4garna under den kommande festivals\u00e4songen. H\u00e4r kommer ett tungt rykte: David Bowie klar f\u00f6r den gigantiska Barcelona-festivalen Primavera Sound. \u00c4r det ett spratt? Festivalarrang\u00f6rerna har \u00e4nnu inte sagt n\u00e5got, men bilden ovan &#8212; som tycks cirkulera runtom i staden &#8212; \u00e4r en del av reklamkampanjen f\u00f6r n\u00e4sta \u00e5rs festival. Sedan tidigare \u00e4r Neutral Milk Hotel bekr\u00e4ftade f\u00f6r festivalen som g\u00e5r av stapeln mellan den 29 och den 31 maj n\u00e4sta \u00e5r.<\/p>\n<p><strong>H\u00e4r kan du se musikvideon till Bowies comeback-singel <em>Where Are We Now?<\/em> som \u00f6verraskade hela musikv\u00e4rlden n\u00e4r den sl\u00e4pptes p\u00e5 rockikonens 66:e f\u00f6delsedag i januari i \u00e5r:<\/strong><\/p>\n<p><iframe loading=\"lazy\" src=\"\/\/www.youtube.com\/embed\/QWtsV50_-p4\" height=\"315\" width=\"560\" allowfullscreen=\"\" frameborder=\"0\"><\/iframe><\/p>\n","protected":false},"excerpt":{"rendered":"<p>Det \u00e4r den tiden p\u00e5 \u00e5ret igen, sommaren \u00e4r sedan l\u00e4nge \u00f6ver och det \u00e4r dags att b\u00f6rja spekulera vilka artister som kan t\u00e4nkas bege sig ut p\u00e5 v\u00e4garna under den kommande festivals\u00e4songen. H\u00e4r kommer ett tungt rykte: David Bowie klar f\u00f6r den gigantiska Barcelona-festivalen Primavera Sound. \u00c4r det ett spratt? Festivalarrang\u00f6rerna har \u00e4nnu inte [&hellip;]<\/p>\n","protected":false},"author":3,"featured_media":0,"comment_status":"open","ping_status":"open","sticky":false,"template":"","format":"standard","meta":{"_genesis_hide_title":false,"_genesis_hide_breadcrumbs":false,"_genesis_hide_singular_image":false,"_genesis_hide_footer_widgets":false,"_genesis_custom_body_class":"","_genesis_custom_post_class":"","_genesis_layout":"","footnotes":""},"categories":[7],"tags":[1158,8137],"class_list":{"0":"post-76923","1":"post","2":"type-post","3":"status-publish","4":"format-standard","6":"category-musik","7":"tag-david-bowie","8":"tag-primavera-sound","9":"entry"},"_links":{"self":[{"href":"https:\/\/kulturbloggen.com\/index.php?rest_route=\/wp\/v2\/posts\/76923","targetHints":{"allow":["GET"]}}],"collection":[{"href":"https:\/\/kulturbloggen.com\/index.php?rest_route=\/wp\/v2\/posts"}],"about":[{"href":"https:\/\/kulturbloggen.com\/index.php?rest_route=\/wp\/v2\/types\/post"}],"author":[{"embeddable":true,"href":"https:\/\/kulturbloggen.com\/index.php?rest_route=\/wp\/v2\/users\/3"}],"replies":[{"embeddable":true,"href":"https:\/\/kulturbloggen.com\/index.php?rest_route=%2Fwp%2Fv2%2Fcomments&post=76923"}],"version-history":[{"count":6,"href":"https:\/\/kulturbloggen.com\/index.php?rest_route=\/wp\/v2\/posts\/76923\/revisions"}],"predecessor-version":[{"id":77017,"href":"https:\/\/kulturbloggen.com\/index.php?rest_route=\/wp\/v2\/posts\/76923\/revisions\/77017"}],"wp:attachment":[{"href":"https:\/\/kulturbloggen.com\/index.php?rest_route=%2Fwp%2Fv2%2Fmedia&parent=76923"}],"wp:term":[{"taxonomy":"category","embeddable":true,"href":"https:\/\/kulturbloggen.com\/index.php?rest_route=%2Fwp%2Fv2%2Fcategories&post=76923"},{"taxonomy":"post_tag","embeddable":true,"href":"https:\/\/kulturbloggen.com\/index.php?rest_route=%2Fwp%2Fv2%2Ftags&post=76923"}],"curies":[{"name":"wp","href":"https:\/\/api.w.org\/{rel}","templated":true}]}}