{"id":76239,"date":"2013-10-21T10:13:25","date_gmt":"2013-10-21T08:13:25","guid":{"rendered":"http:\/\/kulturbloggen.com\/?p=76239"},"modified":"2013-10-21T10:13:25","modified_gmt":"2013-10-21T08:13:25","slug":"skriv-pa-for-att-barnkonventionen-ska-bli-lag-i-sverige-folj-kampanjen-flykten-slutar-har","status":"publish","type":"post","link":"https:\/\/kulturbloggen.com\/?p=76239","title":{"rendered":"Skriv p\u00e5 f\u00f6r att barnkonventionen ska bli lag i Sverige: F\u00f6lj kampanjen &#8221;Flykten slutar h\u00e4r&#8221;"},"content":{"rendered":"<p><a href=\"http:\/\/kulturbloggen.com\/wp-content\/uploads\/2013\/10\/flykten.jpg\"><img loading=\"lazy\" decoding=\"async\" src=\"http:\/\/kulturbloggen.com\/wp-content\/uploads\/2013\/10\/flykten-300x300.jpg\" alt=\"Processed with VSCOcam with p4 preset\" width=\"300\" height=\"300\" class=\"aligncenter size-medium wp-image-76243\" srcset=\"https:\/\/kulturbloggen.com\/wp-content\/uploads\/2013\/10\/flykten-300x300.jpg 300w, https:\/\/kulturbloggen.com\/wp-content\/uploads\/2013\/10\/flykten-150x150.jpg 150w, https:\/\/kulturbloggen.com\/wp-content\/uploads\/2013\/10\/flykten-1024x1024.jpg 1024w, https:\/\/kulturbloggen.com\/wp-content\/uploads\/2013\/10\/flykten.jpg 1134w\" sizes=\"auto, (max-width: 300px) 100vw, 300px\" \/><\/a><\/p>\n<p>&#8221;Flykten slutar h\u00e4r&#8221; \u00e4r en kampanj som  vill ge barn p\u00e5 flykt i Sverige en r\u00f6st och uppm\u00e4rksamma om att barnkonventionen inte \u00e4r lag i Sverige. Det har man bland annat gjort genom att anv\u00e4nda sig av Moving Street Art. <\/p>\n<p>F\u00f6r att rikta ljuset p\u00e5 de 14 000 flyktingbarn som kommer till Sverige varje \u00e5r och deras situation, har Unicef projicerat barnens siluetter p\u00e5 fasader och publika platser s\u00e5som p\u00e5 slottet, Kulturhuset och Medborgarplatsen i Stockholm, som skuggor av samh\u00e4llet och ibland oss. Man har allts\u00e5 anv\u00e4nt sig av Moving Street Art f\u00f6r att s\u00e4tta ljuset p\u00e5 de gl\u00f6mda barnen. <\/p>\n<p><a href=\"http:\/\/unicef.se\/\">Unicef samlar in namnunderskrifter p\u00e5 unicef.se f\u00f6r att f\u00e5 barnkonventionen att bli lag i Sverige och som man kommer \u00f6verl\u00e4mna till regeringens utredningsgrupp den 24 oktober. Hittills har \u00f6ver 27.000 svenskar skrivit p\u00e5. <strong>Skriv under h\u00e4r.<\/a><\/strong><\/p>\n<p>Stora innovations- och kulturbloggar v\u00e4rlden \u00f6ver har redan uppm\u00e4rksammat hur Unicef Sverige, med hj\u00e4lp av gatukonst, valt att belysa ett problem som flyktingbarns r\u00e4ttigheter i Sverige:<\/p>\n<p><a href=\"http:\/\/www.psfk.com\/2013\/10\/faceless-street-art-projections.html\">PSFK<\/a><br \/>\n<a href=\"http:\/\/www.digitalbuzzblog.com\/unicef-child-refugee-street-projections\/\">Digital Buzz<\/a><br \/>\n<a href=\"http:\/\/m.inhabitots.com\/inhabitots\/#!\/entry\/unicef-uses-ghostly-projections-to-bring-awareness-to-the-haunting,525fdda0da27f5d9d0392ce4\">Inhabitots<\/a><br \/>\n<a href=\"http:\/\/designtaxi.com\/news\/361418\/In-Sweden-Poignant-Faceless-Projections-Highlight-The-Plight-Of-Child-Refugees\/?utm_source=feedburner&#038;utm_medium=feed&#038;utm_campaign=Feed%3A+designtaxi_news+%28TAXI+Daily+News%29\">DesignTaxi<\/a><br \/>\n<a href=\"http:\/\/popsop.com\/2013\/10\/unicef-sweden-raises-awareness-of-the-refugee-children-problem-through-outdoor-projection-mapping\/\">Popsop<\/a><\/p>\n<p><iframe loading=\"lazy\" width=\"420\" height=\"315\" src=\"\/\/www.youtube.com\/embed\/lKeIPVkWO1M\" frameborder=\"0\" allowfullscreen><\/iframe><\/p>\n<p><a href=\"http:\/\/kulturbloggen.com\/wp-content\/uploads\/2013\/10\/flykten2.jpg\"><img loading=\"lazy\" decoding=\"async\" src=\"http:\/\/kulturbloggen.com\/wp-content\/uploads\/2013\/10\/flykten2-300x300.jpg\" alt=\"Processed with VSCOcam with p4 preset\" width=\"300\" height=\"300\" class=\"aligncenter size-medium wp-image-76244\" srcset=\"https:\/\/kulturbloggen.com\/wp-content\/uploads\/2013\/10\/flykten2-300x300.jpg 300w, https:\/\/kulturbloggen.com\/wp-content\/uploads\/2013\/10\/flykten2-150x150.jpg 150w, https:\/\/kulturbloggen.com\/wp-content\/uploads\/2013\/10\/flykten2-1024x1024.jpg 1024w\" sizes=\"auto, (max-width: 300px) 100vw, 300px\" \/><\/a><\/p>\n<p><a href=\"http:\/\/kulturbloggen.com\/wp-content\/uploads\/2013\/10\/flykten3.jpg\"><img loading=\"lazy\" decoding=\"async\" src=\"http:\/\/kulturbloggen.com\/wp-content\/uploads\/2013\/10\/flykten3-300x300.jpg\" alt=\"Processed with VSCOcam with p4 preset\" width=\"300\" height=\"300\" class=\"aligncenter size-medium wp-image-76245\" srcset=\"https:\/\/kulturbloggen.com\/wp-content\/uploads\/2013\/10\/flykten3-300x300.jpg 300w, https:\/\/kulturbloggen.com\/wp-content\/uploads\/2013\/10\/flykten3-150x150.jpg 150w, https:\/\/kulturbloggen.com\/wp-content\/uploads\/2013\/10\/flykten3-1024x1024.jpg 1024w\" sizes=\"auto, (max-width: 300px) 100vw, 300px\" \/><\/a><\/p>\n","protected":false},"excerpt":{"rendered":"<p>&#8221;Flykten slutar h\u00e4r&#8221; \u00e4r en kampanj som vill ge barn p\u00e5 flykt i Sverige en r\u00f6st och uppm\u00e4rksamma om att barnkonventionen inte \u00e4r lag i Sverige. Det har man bland annat gjort genom att anv\u00e4nda sig av Moving Street Art. F\u00f6r att rikta ljuset p\u00e5 de 14 000 flyktingbarn som kommer till Sverige varje \u00e5r [&hellip;]<\/p>\n","protected":false},"author":13,"featured_media":0,"comment_status":"open","ping_status":"open","sticky":false,"template":"","format":"standard","meta":{"_genesis_hide_title":false,"_genesis_hide_breadcrumbs":false,"_genesis_hide_singular_image":false,"_genesis_hide_footer_widgets":false,"_genesis_custom_body_class":"","_genesis_custom_post_class":"","_genesis_layout":"","footnotes":""},"categories":[62],"tags":[529,2453,4917],"class_list":{"0":"post-76239","1":"post","2":"type-post","3":"status-publish","4":"format-standard","6":"category-medie-och-kulturpolitik","7":"tag-barn","8":"tag-immigration","9":"tag-samhalle","10":"entry"},"_links":{"self":[{"href":"https:\/\/kulturbloggen.com\/index.php?rest_route=\/wp\/v2\/posts\/76239","targetHints":{"allow":["GET"]}}],"collection":[{"href":"https:\/\/kulturbloggen.com\/index.php?rest_route=\/wp\/v2\/posts"}],"about":[{"href":"https:\/\/kulturbloggen.com\/index.php?rest_route=\/wp\/v2\/types\/post"}],"author":[{"embeddable":true,"href":"https:\/\/kulturbloggen.com\/index.php?rest_route=\/wp\/v2\/users\/13"}],"replies":[{"embeddable":true,"href":"https:\/\/kulturbloggen.com\/index.php?rest_route=%2Fwp%2Fv2%2Fcomments&post=76239"}],"version-history":[{"count":4,"href":"https:\/\/kulturbloggen.com\/index.php?rest_route=\/wp\/v2\/posts\/76239\/revisions"}],"predecessor-version":[{"id":76246,"href":"https:\/\/kulturbloggen.com\/index.php?rest_route=\/wp\/v2\/posts\/76239\/revisions\/76246"}],"wp:attachment":[{"href":"https:\/\/kulturbloggen.com\/index.php?rest_route=%2Fwp%2Fv2%2Fmedia&parent=76239"}],"wp:term":[{"taxonomy":"category","embeddable":true,"href":"https:\/\/kulturbloggen.com\/index.php?rest_route=%2Fwp%2Fv2%2Fcategories&post=76239"},{"taxonomy":"post_tag","embeddable":true,"href":"https:\/\/kulturbloggen.com\/index.php?rest_route=%2Fwp%2Fv2%2Ftags&post=76239"}],"curies":[{"name":"wp","href":"https:\/\/api.w.org\/{rel}","templated":true}]}}