{"id":7612,"date":"2009-03-12T06:51:01","date_gmt":"2009-03-12T05:51:01","guid":{"rendered":"http:\/\/kulturbloggen.com\/?p=7612"},"modified":"2009-03-12T06:51:01","modified_gmt":"2009-03-12T05:51:01","slug":"kulturfyran-om-finanskrisen-och-livekonserter","status":"publish","type":"post","link":"https:\/\/kulturbloggen.com\/?p=7612","title":{"rendered":"Kulturfyran om finanskrisen och livekonserter"},"content":{"rendered":"<p><img loading=\"lazy\" decoding=\"async\" src=\"http:\/\/sodergren.com\/kulturbloggen\/wp-content\/uploads\/2009\/03\/michaeljackson290.jpg\" alt=\"michaeljackson290\" title=\"michaeljackson290\" width=\"290\" height=\"200\" class=\"alignnone size-full wp-image-7617\" \/><br \/>\n<a href=\"http:\/\/hd.se\/inrikes\/2009\/03\/11\/laerarvarsel-i-var-tredje-kommun\/\">I var tredje kommun ska skolan sk\u00e4ras ned<\/a> och fackf\u00f6rbundet IF Metall har g\u00e5tt med p\u00e5 att s\u00e4nka l\u00f6ner. Finanskrisen h\u00e4rjar och far fram. Kulturfyran startar d\u00e4r, med finanskrisen.<\/p>\n<p>1. Har du drabbats av finanskrisen p\u00e5 n\u00e5got s\u00e4tt?<br \/>\n<!--more--><\/p>\n<p>2. Tror du att nedsk\u00e4rningar inom skolan, s\u00e4nkta l\u00f6ner med mera \u00e4r r\u00e4tt v\u00e4g att g\u00e5 f\u00f6r att komma ur krisen? Eller kommer en del grupper att \u00e4nd\u00e5 se till att sko sig, <a href=\"http:\/\/www.aftonbladet.se\/nyheter\/article4623240.ab\">som SEB-cheferna<\/a> som s\u00e5g till att h\u00f6ja sina l\u00f6ner ist\u00e4llet, n\u00e4r de inte fick ta ut bonus.<\/p>\n<p>3. Michael Jacksons ska ge avskedskonserter och trycket \u00e4r s\u00e5 stort att <a href=\"http:\/\/www.aftonbladet.se\/nojesbladet\/musik\/article4623886.ab\">det kommer att bli dubbelt s\u00e5 m\u00e5nga konserter<\/a>, mot planerat. Nyligen l\u00e4ste jag en artikel om att m\u00e4nniskor ber\u00e4knas g\u00e5 p\u00e5 konserter och musikfestivaler som aldrig f\u00f6rr. Det verkar som om musik \u00e4r n\u00e5got m\u00e4nniskor trots allt unnar sig, hur d\u00e5lig ekonomin \u00e4nd\u00e5 \u00e4r. Vad unnar du dig, oavsett hur d\u00e5lig ekonomin \u00e4r?<\/p>\n<p>4. Vad tror du om finanskrisen, hur l\u00e4nge kommer den att p\u00e5g\u00e5?<\/p>\n<p>Gl\u00f6m nu inte att l\u00e4mna l\u00e4nken till ditt svar h\u00e4r i en kommentar. Om du dessutom <a href=\"http:\/\/nyligen.se\/pinga.php\">pingar nyligen <\/a>hamnar ditt inl\u00e4gg i blogglistan som ligger precis \u00f6ver kommentarsf\u00e4ltet. Det \u00e4r bra eftersom jag inte sitter vid datorn j\u00e4mt och alla kommentarer modereras innan de kommer ut. Men om du <a href=\"http:\/\/nyligen.se\/pinga.php\">pingar nyligen <\/a>syns din l\u00e4nk snabbare.<\/p>\n<p>Att pinga nyligen \u00e4r j\u00e4ttel\u00e4tt, <a href=\"http:\/\/nyligen.se\/pinga.php\">klicka p\u00e5 l\u00e4nken h\u00e4r<\/a> och fyll bara i din bloggs adress i formul\u00e4ret som finns lite l\u00e4ngre ned p\u00e5 sidan som visas.<\/p>\n<p><img loading=\"lazy\" decoding=\"async\" src=\"http:\/\/sodergren.com\/kulturbloggen\/wp-content\/uploads\/2009\/03\/michaeljackson6001-300x100.jpg\" alt=\"michaeljackson6001\" title=\"michaeljackson6001\" width=\"300\" height=\"100\" class=\"alignnone size-medium wp-image-7618\" \/><\/p>\n<p>Andra bloggar om: <a href=\"http:\/\/bloggar.se\/om\/kulturfyra\" rel=\"tag\">kulturfyra<\/a>, <a href=\"http:\/\/bloggar.se\/om\/finanskris\" rel=\"tag\">finanskris<\/a>, <a href=\"http:\/\/bloggar.se\/om\/IF+Metall\" rel=\"tag\">IF Metall<\/a>, <a href=\"http:\/\/bloggar.se\/om\/Michael+Jacksson\" rel=\"tag\">Michael Jacksson<\/a>, <a href=\"http:\/\/bloggar.se\/om\/musik\" rel=\"tag\">musik<\/a>, <a href=\"http:\/\/bloggar.se\/om\/festivaler\" rel=\"tag\">festivaler<\/a>, <a href=\"http:\/\/bloggar.se\/om\/konserter\" rel=\"tag\">konserter<\/a>, <a href=\"http:\/\/bloggar.se\/om\/ekonomi\" rel=\"tag\">ekonomi<\/a><\/p>\n","protected":false},"excerpt":{"rendered":"<p>I var tredje kommun ska skolan sk\u00e4ras ned och fackf\u00f6rbundet IF Metall har g\u00e5tt med p\u00e5 att s\u00e4nka l\u00f6ner. Finanskrisen h\u00e4rjar och far fram. Kulturfyran startar d\u00e4r, med finanskrisen. 1. Har du drabbats av finanskrisen p\u00e5 n\u00e5got s\u00e4tt?<\/p>\n","protected":false},"author":2,"featured_media":0,"comment_status":"open","ping_status":"open","sticky":false,"template":"","format":"standard","meta":{"_genesis_hide_title":false,"_genesis_hide_breadcrumbs":false,"_genesis_hide_singular_image":false,"_genesis_hide_footer_widgets":false,"_genesis_custom_body_class":"","_genesis_custom_post_class":"","_genesis_layout":"","footnotes":""},"categories":[20],"tags":[1752,60],"class_list":{"0":"post-7612","1":"post","2":"type-post","3":"status-publish","4":"format-standard","6":"category-film","7":"tag-finanskris","8":"tag-kulturfyra","9":"entry"},"_links":{"self":[{"href":"https:\/\/kulturbloggen.com\/index.php?rest_route=\/wp\/v2\/posts\/7612","targetHints":{"allow":["GET"]}}],"collection":[{"href":"https:\/\/kulturbloggen.com\/index.php?rest_route=\/wp\/v2\/posts"}],"about":[{"href":"https:\/\/kulturbloggen.com\/index.php?rest_route=\/wp\/v2\/types\/post"}],"author":[{"embeddable":true,"href":"https:\/\/kulturbloggen.com\/index.php?rest_route=\/wp\/v2\/users\/2"}],"replies":[{"embeddable":true,"href":"https:\/\/kulturbloggen.com\/index.php?rest_route=%2Fwp%2Fv2%2Fcomments&post=7612"}],"version-history":[{"count":0,"href":"https:\/\/kulturbloggen.com\/index.php?rest_route=\/wp\/v2\/posts\/7612\/revisions"}],"wp:attachment":[{"href":"https:\/\/kulturbloggen.com\/index.php?rest_route=%2Fwp%2Fv2%2Fmedia&parent=7612"}],"wp:term":[{"taxonomy":"category","embeddable":true,"href":"https:\/\/kulturbloggen.com\/index.php?rest_route=%2Fwp%2Fv2%2Fcategories&post=7612"},{"taxonomy":"post_tag","embeddable":true,"href":"https:\/\/kulturbloggen.com\/index.php?rest_route=%2Fwp%2Fv2%2Ftags&post=7612"}],"curies":[{"name":"wp","href":"https:\/\/api.w.org\/{rel}","templated":true}]}}