{"id":7599,"date":"2009-03-11T21:23:41","date_gmt":"2009-03-11T20:23:41","guid":{"rendered":"http:\/\/kulturbloggen.com\/?p=7599"},"modified":"2009-03-11T21:23:41","modified_gmt":"2009-03-11T20:23:41","slug":"ingen-acceleratorfestival-2009-men-daremot-presenterar-accelerator-tv-on-the-radio","status":"publish","type":"post","link":"https:\/\/kulturbloggen.com\/?p=7599","title":{"rendered":"Ingen Acceleratorfestival 2009 &#8211; men d\u00e4remot presenterar Accelerator TV on the Radio"},"content":{"rendered":"<p><img loading=\"lazy\" decoding=\"async\" src=\"http:\/\/sodergren.com\/kulturbloggen\/wp-content\/uploads\/2009\/03\/tvontheradio290.jpg\" alt=\"tvontheradio290\" title=\"tvontheradio290\" width=\"290\" height=\"200\" class=\"alignnone size-full wp-image-7603\" \/><br \/>\nEn bra nyhet trillade in: TV on the Radio kommer till Sverige i sommar. Det \u00e4r Accelerator som arrangerar. Men d\u00e4remot: det trista: det \u00e4r ocks\u00e5 allt Accelerator g\u00f6r. Det blir ingen Accelerator-festival i sommar, 2009. \u00c4nnu en tr\u00e5kig sak: spelningen med TV on The Radio \u00e4r 30 juli, samma dag som U2 spelar p\u00e5 Ullevi. Om nu Kulturbloggen lyckas f\u00e5 biljetter till U2, vill s\u00e4ga.<br \/>\n<!--more--><br \/>\nS\u00e5 h\u00e4r ber\u00e4ttar Accelerators arrang\u00f6rer i ett pressmeddelande:<\/p>\n<blockquote><p>\nDen 30 juli 2009 har Accelerator den stora \u00e4ran att presentera TV on the Radio p\u00e5 Debaser Medis i Stockholm. Brooklyn-bandet har p\u00e5 alla sina skivor varit osedvanligt sv\u00e5rdefinierade. Keyboardisten David Sitek, som ocks\u00e5 agerar producent, f\u00e5r till maffiga arrangemang med en mix av kraut, pop, funk och postpunk. P\u00e5 fj\u00e4rde skivan \u201dDear Science\u201d k\u00e4nns det lite som om bandet har hittat hem &#8211; de monumentala ljudmattorna har f\u00e5tt ge plats \u00e5t ett sk\u00f6nt sv\u00e4ng och det elektroniska. Det \u00e4r eklektiskt, men samtidigt l\u00e4ttillg\u00e4ngligt.<\/p>\n<p>Senast TV on the Radio var i Sverige var det \u00e4ven d\u00e5 under Accelerators vingar; 2007 p\u00e5 Acceleratorfestivalen vid Stockholms Universitet.<\/p>\n<p>2009 blir det ingen Acceleratorfestival dock, den h\u00e5ller semesterst\u00e4ngt. Vi l\u00e4gger allt krut p\u00e5 TV on the Radio i \u00e5r.<\/p>\n<p>Och Accelerator bjuder p\u00e5 mer nyheter. Det \u00e4r n\u00e4mligen avkomlingar att v\u00e4nta. Accelerator \u00e4r en av f\u00f6tterna p\u00e5 en ny klubb p\u00e5 Strand som startar i sommar. N\u00e5gra fredagar kommer att f\u00f6rgyllas av denna klubb. Namn och datum kommer snart. F\u00f6rutom Accelerator-Robin drivs klubben av Adrian Nilsson (Bloggen Extra Allt, Sveriges 70:e b\u00e4sta DJ. Mykonos), Stefan Thungren (Slow Blow, Go Bang! Mykonos, Blogg\/Seriestrip: Stockholmsnatt), Henrik Hallberg (Slow Blow, Go Bang!), Niklas Lundell [ingenting, Tr\u00e4dg\u00e5r\u2019n] och Magnus H\u00f6gmur (Mykonos, Klubb 33, Promotionnisse).<\/p><\/blockquote>\n<p>HEMSIDA<br \/>\n<a href=\"http:\/\/www.tvontheradio.com \">www.tvontheradio.com <\/a><\/p>\n<p><embed id=\"VideoPlayback\" src=\"http:\/\/video.google.com\/googleplayer.swf?docid=-4566453505596285991&#038;hl=sv&#038;fs=true\" style=\"width:400px;height:326px\" allowFullScreen=\"true\" allowScriptAccess=\"always\" type=\"application\/x-shockwave-flash\"> <\/embed><\/p>\n<p><img loading=\"lazy\" decoding=\"async\" src=\"http:\/\/sodergren.com\/kulturbloggen\/wp-content\/uploads\/2009\/03\/tvontheradio600-300x100.jpg\" alt=\"tvontheradio600\" title=\"tvontheradio600\" width=\"300\" height=\"100\" class=\"alignnone size-medium wp-image-7604\" \/><\/p>\n<p>Andra bloggar om: <a href=\"http:\/\/bloggar.se\/om\/Accelerator\" rel=\"tag\">Accelerator<\/a>, <a href=\"http:\/\/bloggar.se\/om\/musik\" rel=\"tag\">musik<\/a>, <a href=\"http:\/\/bloggar.se\/om\/musikfestival\" rel=\"tag\">musikfestival<\/a>, <a href=\"http:\/\/bloggar.se\/om\/Stockholm\" rel=\"tag\">Stockholm<\/a>, <a href=\"http:\/\/bloggar.se\/om\/Debaser\" rel=\"tag\">Debaser<\/a>, <a href=\"http:\/\/bloggar.se\/om\/TV+on+the+radio\" rel=\"tag\">TV on the radio<\/a><\/p>\n","protected":false},"excerpt":{"rendered":"<p>En bra nyhet trillade in: TV on the Radio kommer till Sverige i sommar. Det \u00e4r Accelerator som arrangerar. Men d\u00e4remot: det trista: det \u00e4r ocks\u00e5 allt Accelerator g\u00f6r. Det blir ingen Accelerator-festival i sommar, 2009. \u00c4nnu en tr\u00e5kig sak: spelningen med TV on The Radio \u00e4r 30 juli, samma dag som U2 spelar p\u00e5 [&hellip;]<\/p>\n","protected":false},"author":2,"featured_media":0,"comment_status":"open","ping_status":"open","sticky":false,"template":"","format":"standard","meta":{"_genesis_hide_title":false,"_genesis_hide_breadcrumbs":false,"_genesis_hide_singular_image":false,"_genesis_hide_footer_widgets":false,"_genesis_custom_body_class":"","_genesis_custom_post_class":"","_genesis_layout":"","footnotes":""},"categories":[7],"tags":[130,1187,12282,3844,5400],"class_list":{"0":"post-7599","1":"post","2":"type-post","3":"status-publish","4":"format-standard","6":"category-musik","7":"tag-accelerator","8":"tag-debaser","9":"tag-musik","10":"tag-musikfestival","11":"tag-stockholm","12":"entry"},"_links":{"self":[{"href":"https:\/\/kulturbloggen.com\/index.php?rest_route=\/wp\/v2\/posts\/7599","targetHints":{"allow":["GET"]}}],"collection":[{"href":"https:\/\/kulturbloggen.com\/index.php?rest_route=\/wp\/v2\/posts"}],"about":[{"href":"https:\/\/kulturbloggen.com\/index.php?rest_route=\/wp\/v2\/types\/post"}],"author":[{"embeddable":true,"href":"https:\/\/kulturbloggen.com\/index.php?rest_route=\/wp\/v2\/users\/2"}],"replies":[{"embeddable":true,"href":"https:\/\/kulturbloggen.com\/index.php?rest_route=%2Fwp%2Fv2%2Fcomments&post=7599"}],"version-history":[{"count":0,"href":"https:\/\/kulturbloggen.com\/index.php?rest_route=\/wp\/v2\/posts\/7599\/revisions"}],"wp:attachment":[{"href":"https:\/\/kulturbloggen.com\/index.php?rest_route=%2Fwp%2Fv2%2Fmedia&parent=7599"}],"wp:term":[{"taxonomy":"category","embeddable":true,"href":"https:\/\/kulturbloggen.com\/index.php?rest_route=%2Fwp%2Fv2%2Fcategories&post=7599"},{"taxonomy":"post_tag","embeddable":true,"href":"https:\/\/kulturbloggen.com\/index.php?rest_route=%2Fwp%2Fv2%2Ftags&post=7599"}],"curies":[{"name":"wp","href":"https:\/\/api.w.org\/{rel}","templated":true}]}}