{"id":75721,"date":"2013-10-06T14:38:30","date_gmt":"2013-10-06T12:38:30","guid":{"rendered":"http:\/\/kulturbloggen.com\/?p=75721"},"modified":"2013-10-06T14:40:00","modified_gmt":"2013-10-06T12:40:00","slug":"socialdemokraterna-vill-satsa-pa-scenkonsten","status":"publish","type":"post","link":"https:\/\/kulturbloggen.com\/?p=75721","title":{"rendered":"Socialdemokraterna vill satsa p\u00e5 scenkonsten"},"content":{"rendered":"<p><a href=\"http:\/\/kulturbloggen.com\/wp-content\/uploads\/2013\/10\/gunillakarlsson.jpg\"><img loading=\"lazy\" decoding=\"async\" src=\"http:\/\/kulturbloggen.com\/wp-content\/uploads\/2013\/10\/gunillakarlsson-300x186.jpg\" alt=\"gunillakarlsson\" width=\"300\" height=\"186\" class=\"aligncenter size-medium wp-image-75722\" srcset=\"https:\/\/kulturbloggen.com\/wp-content\/uploads\/2013\/10\/gunillakarlsson-300x186.jpg 300w, https:\/\/kulturbloggen.com\/wp-content\/uploads\/2013\/10\/gunillakarlsson.jpg 470w\" sizes=\"auto, (max-width: 300px) 100vw, 300px\" \/><\/a><\/p>\n<p>M\u00e5nga fria teaterscener har problem med ekonomin eftersom <a href=\"http:\/\/www.moderat.se\">nuvarande moderatledda regering<\/a> dragit ned p\u00e5 st\u00f6det till deras verksamhet. En del teatrar m\u00e5ste ans\u00f6ka f\u00f6r varje enskilt projekt, vilket ger enormt mycket mer medarbeta av administrativ karakt\u00e4r och d\u00e4rmed f\u00e5r teatern mindre resurser till det konstn\u00e4rliga arbetet.<\/p>\n<p>Med ett \u00e5r kvar till riksdagsvalet har <a href=\"http:\/\/www.socialdemokraterna.se\">Socialdemokraterna<\/a> presenterat sitt f\u00f6rslag till <a href=\"http:\/\/www.socialdemokraterna.se\/Var-politik\/Budget\/\">budget<\/a> och p\u00e5 kulturbudget vilket inneb\u00e4r en betydligt st\u00f6rre satsning p\u00e5 kulturen \u00e4n nuvarande regering st\u00e5r f\u00f6r.<br \/>\nH\u00e4r \u00e4r en del av S budgetf\u00f6rslag inom kultur, idrott och folkbildning:<\/p>\n<p>\u00b7        En 33-procentig \u00f6kning av scenkonstallianserna, +20 miljoner kronor och 95 nya anst\u00e4llningar<br \/>\n\u00b7        222 ACCESS-jobb inom kulturomr\u00e5det, +74 miljoner kronor, det misslyckade Kulturarvslyftet l\u00e4ggs ned.<br \/>\n\u00b7        +300 miljoner kronor till ett handslag med f\u00f6reningslivet (Riksidrottsf\u00f6rbundet + 272 miljoner och Svenskt Friluftsliv +28 miljoner)<br \/>\n\u00b7        +50 miljoner kronor till ett stimulansbidrag till musik- och kulturskolor<br \/>\n\u00b7        Fri entr\u00e9 p\u00e5 statliga museer, +80 miljoner kronor<br \/>\n\u00b7        1 000 nya (ut\u00f6ver de 1 000 som regeringen f\u00f6resl\u00e5r) hel\u00e5rs utbildningsplatser inom folkh\u00f6gskolan inom ramen f\u00f6r Utbildningskontraktet, +60 miljoner kronor <\/p>\n<p>I \u00f6vrigt (urval):<br \/>\n\u00b7        Hbt-fr\u00e5gor inom kultur och idrott<br \/>\n\u00b7        vi mots\u00e4tter oss att man \u00f6ronm\u00e4rker 30 miljoner kronor av folkbildningsanslaget f\u00f6r l\u00e4sfr\u00e4mjande.<br \/>\n\u00b7        Om politik f\u00f6r det civila samh\u00e4llet<br \/>\n\u00b7        Om hotet mot det ideella f\u00f6reningslivet n\u00e4r myndigheter b\u00f6rjar likst\u00e4lla dem med privat n\u00e4ringsverksamhet<br \/>\n\u00b7        en ombyggd Opera ska bli en angel\u00e4genhet f\u00f6r hela Sverige<br \/>\n\u00b7        om l\u00e4sning och l\u00e4sfr\u00e4mjande<br \/>\n\u00b7        om idrotten som en del av v\u00e4lf\u00e4rden<br \/>\n\u00b7        om behovet av en evenemangslista s\u00e5 att alla kan se stora evenemang i fria kanaler <\/p>\n<p>L\u00e4s \u00e4ven andra bloggares \u00e5sikter om<br \/>\n <a href=\"http:\/\/bloggar.se\/om\/bloggar.se\" rel=\"tag\">kulturpolitik<\/a>,<br \/>\n <a href=\"http:\/\/bloggar.se\/om\/bloggosf%E4ren\" rel=\"tag\">Socialdemokraterna<\/a>,<br \/>\n <a href=\"http:\/\/bloggar.se\/om\/svenska+bloggportaler\" rel=\"tag\">scenkonst<\/a><\/p>\n","protected":false},"excerpt":{"rendered":"<p>M\u00e5nga fria teaterscener har problem med ekonomin eftersom nuvarande moderatledda regering dragit ned p\u00e5 st\u00f6det till deras verksamhet. En del teatrar m\u00e5ste ans\u00f6ka f\u00f6r varje enskilt projekt, vilket ger enormt mycket mer medarbeta av administrativ karakt\u00e4r och d\u00e4rmed f\u00e5r teatern mindre resurser till det konstn\u00e4rliga arbetet. Med ett \u00e5r kvar till riksdagsvalet har Socialdemokraterna presenterat [&hellip;]<\/p>\n","protected":false},"author":13,"featured_media":0,"comment_status":"open","ping_status":"open","sticky":false,"template":"","format":"standard","meta":{"_genesis_hide_title":false,"_genesis_hide_breadcrumbs":false,"_genesis_hide_singular_image":false,"_genesis_hide_footer_widgets":false,"_genesis_custom_body_class":"","_genesis_custom_post_class":"","_genesis_layout":"","footnotes":""},"categories":[62],"tags":[885,3074,3109,12284,4917,10393],"class_list":{"0":"post-75721","1":"post","2":"type-post","3":"status-publish","4":"format-standard","6":"category-medie-och-kulturpolitik","7":"tag-budget","8":"tag-kultur","9":"tag-kulturpolitik","10":"tag-politik","11":"tag-samhalle","12":"tag-socialdemoraterna","13":"entry"},"_links":{"self":[{"href":"https:\/\/kulturbloggen.com\/index.php?rest_route=\/wp\/v2\/posts\/75721","targetHints":{"allow":["GET"]}}],"collection":[{"href":"https:\/\/kulturbloggen.com\/index.php?rest_route=\/wp\/v2\/posts"}],"about":[{"href":"https:\/\/kulturbloggen.com\/index.php?rest_route=\/wp\/v2\/types\/post"}],"author":[{"embeddable":true,"href":"https:\/\/kulturbloggen.com\/index.php?rest_route=\/wp\/v2\/users\/13"}],"replies":[{"embeddable":true,"href":"https:\/\/kulturbloggen.com\/index.php?rest_route=%2Fwp%2Fv2%2Fcomments&post=75721"}],"version-history":[{"count":2,"href":"https:\/\/kulturbloggen.com\/index.php?rest_route=\/wp\/v2\/posts\/75721\/revisions"}],"predecessor-version":[{"id":75724,"href":"https:\/\/kulturbloggen.com\/index.php?rest_route=\/wp\/v2\/posts\/75721\/revisions\/75724"}],"wp:attachment":[{"href":"https:\/\/kulturbloggen.com\/index.php?rest_route=%2Fwp%2Fv2%2Fmedia&parent=75721"}],"wp:term":[{"taxonomy":"category","embeddable":true,"href":"https:\/\/kulturbloggen.com\/index.php?rest_route=%2Fwp%2Fv2%2Fcategories&post=75721"},{"taxonomy":"post_tag","embeddable":true,"href":"https:\/\/kulturbloggen.com\/index.php?rest_route=%2Fwp%2Fv2%2Ftags&post=75721"}],"curies":[{"name":"wp","href":"https:\/\/api.w.org\/{rel}","templated":true}]}}