{"id":7536,"date":"2009-03-08T21:49:54","date_gmt":"2009-03-08T20:49:54","guid":{"rendered":"http:\/\/kulturbloggen.com\/?p=7536"},"modified":"2009-03-08T21:49:54","modified_gmt":"2009-03-08T20:49:54","slug":"metallica-stallde-in","status":"publish","type":"post","link":"https:\/\/kulturbloggen.com\/?p=7536","title":{"rendered":"Metallica st\u00e4llde in n\u00e4r vi skulle se dem"},"content":{"rendered":"<p><img loading=\"lazy\" decoding=\"async\" class=\"alignnone size-full wp-image-7537\" title=\"metallica\" src=\"http:\/\/sodergren.com\/kulturbloggen\/wp-content\/uploads\/2009\/03\/metallica.jpg\" alt=\"metallica\" width=\"290\" height=\"200\" \/><\/p>\n<p>Idag skulle Metallica ha spelat sin andra av helgens konserter p\u00e5 Globen men p\u00e5 grund av s\u00e5ngaren James Hetfields pl\u00f6tsliga insjuknande st\u00e4lldes spelningen in. Inte f\u00f6rr\u00e4n klockan var \u00f6ver \u00e5tta fick publiken veta att det inte skulle bli n\u00e5got. N\u00e4r bandets \u00f6vriga tre medlemmar gick upp p\u00e5 scen f\u00f6r att informera om vad som h\u00e4nt blev publikens reaktion en blandning av k\u00e4nslor. Vissa buade, vissa apploderade och jag tyckte mig h\u00f6ra n\u00e5gon skrika n\u00e5got jag inte t\u00e4nker g\u00e5 in p\u00e5 h\u00e4r. P\u00e5 v\u00e4gen ut ur arenan s\u00e5g jag en annars s\u00e5 h\u00e5rd metalboy gr\u00e5ta. VEM SA ATT MONSTER INTE GR\u00c5TER..?<\/p>\n<p>Nu verkar det som att Metallica ska komma tillbaka i Maj ist\u00e4llet. Biljetterna till dagens konsert ska, p\u00e5 n\u00e5got s\u00e4tt som Livenation inom n\u00e5gra dagar ska meddela, allts\u00e5 \u00e4ven g\u00e4lla i maj.<\/p>\n<p><a href=\"http:\/\/www.aftonbladet.se\/nojesbladet\/musik\/article4597244.ab\">Aftonbladet<\/a> och <a href=\"http:\/\/dn.se\/kultur-noje\/musik\/hetfield-akut-sjuk-metallica-stallde-in-1.816065\">DN<\/a> har ocks\u00e5 skrivit om den inst\u00e4llda spelningen.<\/p>\n<p><img loading=\"lazy\" decoding=\"async\" src=\"http:\/\/sodergren.com\/kulturbloggen\/wp-content\/uploads\/2009\/03\/metallica600-300x100.jpg\" alt=\"metallica600\" title=\"metallica600\" width=\"300\" height=\"100\" class=\"alignnone size-medium wp-image-7540\" \/><\/p>\n","protected":false},"excerpt":{"rendered":"<p>Idag skulle Metallica ha spelat sin andra av helgens konserter p\u00e5 Globen men p\u00e5 grund av s\u00e5ngaren James Hetfields pl\u00f6tsliga insjuknande st\u00e4lldes spelningen in. Inte f\u00f6rr\u00e4n klockan var \u00f6ver \u00e5tta fick publiken veta att det inte skulle bli n\u00e5got. N\u00e4r bandets \u00f6vriga tre medlemmar gick upp p\u00e5 scen f\u00f6r att informera om vad som h\u00e4nt [&hellip;]<\/p>\n","protected":false},"author":3,"featured_media":0,"comment_status":"open","ping_status":"open","sticky":false,"template":"","format":"standard","meta":{"_genesis_hide_title":false,"_genesis_hide_breadcrumbs":false,"_genesis_hide_singular_image":false,"_genesis_hide_footer_widgets":false,"_genesis_custom_body_class":"","_genesis_custom_post_class":"","_genesis_layout":"","footnotes":""},"categories":[20],"tags":[12282],"class_list":{"0":"post-7536","1":"post","2":"type-post","3":"status-publish","4":"format-standard","6":"category-film","7":"tag-musik","8":"entry"},"_links":{"self":[{"href":"https:\/\/kulturbloggen.com\/index.php?rest_route=\/wp\/v2\/posts\/7536","targetHints":{"allow":["GET"]}}],"collection":[{"href":"https:\/\/kulturbloggen.com\/index.php?rest_route=\/wp\/v2\/posts"}],"about":[{"href":"https:\/\/kulturbloggen.com\/index.php?rest_route=\/wp\/v2\/types\/post"}],"author":[{"embeddable":true,"href":"https:\/\/kulturbloggen.com\/index.php?rest_route=\/wp\/v2\/users\/3"}],"replies":[{"embeddable":true,"href":"https:\/\/kulturbloggen.com\/index.php?rest_route=%2Fwp%2Fv2%2Fcomments&post=7536"}],"version-history":[{"count":0,"href":"https:\/\/kulturbloggen.com\/index.php?rest_route=\/wp\/v2\/posts\/7536\/revisions"}],"wp:attachment":[{"href":"https:\/\/kulturbloggen.com\/index.php?rest_route=%2Fwp%2Fv2%2Fmedia&parent=7536"}],"wp:term":[{"taxonomy":"category","embeddable":true,"href":"https:\/\/kulturbloggen.com\/index.php?rest_route=%2Fwp%2Fv2%2Fcategories&post=7536"},{"taxonomy":"post_tag","embeddable":true,"href":"https:\/\/kulturbloggen.com\/index.php?rest_route=%2Fwp%2Fv2%2Ftags&post=7536"}],"curies":[{"name":"wp","href":"https:\/\/api.w.org\/{rel}","templated":true}]}}