{"id":75234,"date":"2013-09-22T22:06:04","date_gmt":"2013-09-22T20:06:04","guid":{"rendered":"http:\/\/kulturbloggen.com\/?p=75234"},"modified":"2013-09-23T09:54:41","modified_gmt":"2013-09-23T07:54:41","slug":"sasongspremiar-pa-metropolitan-opera-i-new-york-239-2013","status":"publish","type":"post","link":"https:\/\/kulturbloggen.com\/?p=75234","title":{"rendered":"S\u00e4songspremi\u00e4r p\u00e5 Metropolitan Opera i New York 23\/9 2013"},"content":{"rendered":"<h1 class=\"entry-title post-title\" style=\"border: 0px; font-family: Arial, Helvetica, sans-serif; font-size: 2.625em; font-style: normal; font-variant: normal; font-weight: bold; line-height: 1em; margin: 0.5em 0px; padding: 0px; vertical-align: baseline; color: #555555; letter-spacing: normal; text-align: start; text-indent: 0px; background-color: #ffffff;\"><\/h1>\n<div class=\"post-meta\" style=\"border: 0px; font-family: Arial, Helvetica, sans-serif; font-size: 12px; font-style: normal; font-variant: normal; font-weight: normal; line-height: 20.98958396911621px; margin: 0px 0px 10px; padding: 0px; vertical-align: baseline; clear: both; color: #9f9f9f; letter-spacing: normal; text-align: start; text-indent: 0px; background-color: #ffffff;\"><span class=\"meta-prep meta-prep-author posted\" style=\"border: 0px; font-family: inherit; font-size: inherit; font-style: inherit; font-variant: inherit; font-weight: inherit; line-height: inherit; margin: 0px; padding: 0px; vertical-align: baseline;\">\u00a0<\/span><\/div>\n<div class=\"post-entry\" style=\"border: 0px; font-family: Arial, Helvetica, sans-serif; font-size: 14.44444465637207px; font-style: normal; font-variant: normal; font-weight: normal; line-height: 20.98958396911621px; margin: 0px; padding: 0px; vertical-align: baseline; clear: both; color: #555555; letter-spacing: normal; text-align: start; text-indent: 0px; background-color: #ffffff;\">\n<p style=\"border: 0px; font-family: inherit; font-size: inherit; font-style: inherit; font-variant: inherit; font-weight: inherit; line-height: inherit; margin: 1.6em 0px; padding: 0px; vertical-align: baseline;\"><a href=\"http:\/\/kulturbloggen.com\/wp-content\/uploads\/2013\/09\/metropolitan.jpg\"><img loading=\"lazy\" decoding=\"async\" class=\"aligncenter size-full wp-image-75237\" alt=\"metropolitan\" src=\"http:\/\/kulturbloggen.com\/wp-content\/uploads\/2013\/09\/metropolitan.jpg\" width=\"300\" height=\"199\" \/><\/a><\/p>\n<p style=\"border: 0px; font-family: inherit; font-size: inherit; font-style: inherit; font-variant: inherit; font-weight: inherit; line-height: inherit; margin: 1.6em 0px; padding: 0px; vertical-align: baseline;\"><strong style=\"border: 0px; font-family: inherit; font-size: inherit; font-style: inherit; font-variant: inherit; font-weight: bold; line-height: inherit; margin: 0px; padding: 0px; vertical-align: baseline;\">S\u00e4songs\u00f6ppning p\u00e5 Metropolitan Opera i New York 23\/9 2013<\/strong><\/p>\n<p style=\"border: 0px; font-family: inherit; font-size: inherit; font-style: inherit; font-variant: inherit; font-weight: inherit; line-height: inherit; margin: 1.6em 0px; padding: 0px; vertical-align: baseline;\"><strong style=\"border: 0px; font-family: inherit; font-size: inherit; font-style: inherit; font-variant: inherit; font-weight: bold; line-height: inherit; margin: 0px; padding: 0px; vertical-align: baseline;\">Eugen Onegin med bl a Anna Netrebko och\u00a0Mariusz Kwiecien<\/strong><\/p>\n<p style=\"border: 0px; font-family: inherit; font-size: inherit; font-style: inherit; font-variant: inherit; font-weight: inherit; line-height: inherit; margin: 1.6em 0px; padding: 0px; vertical-align: baseline;\">I morgon kv\u00e4ll \u00e4r det s\u00e4<span style=\"border: 0px; font-family: inherit; font-size: 13px; font-style: inherit; font-variant: inherit; font-weight: inherit; line-height: 19px; margin: 0px; padding: 0px; vertical-align: baseline;\">songspremi\u00e4<\/span><span style=\"border: 0px; font-family: inherit; font-size: 13px; font-style: inherit; font-variant: inherit; font-weight: inherit; line-height: 19px; margin: 0px; padding: 0px; vertical-align: baseline;\">r p\u00e5 Metropolitan Opera i New York. Det blir Peter Tjajkovskijs Eugen Onegin \u00a0som f\u00e5r inleda s\u00e4songen 2013-14. Premi\u00e4ren b\u00f6rjar EST 6:55 och eftersom tidsf\u00f6rskjutningen uppg\u00e5r till sju timmar s\u00e5 kan du uppleva s\u00e4ndningen med b\u00f6rjan strax f\u00f6re kl 02:00 p\u00e5 natten mellan m\u00e5ndag och tisdag.<\/span><\/p>\n<p style=\"border: 0px; font-family: inherit; font-size: inherit; font-style: inherit; font-variant: inherit; font-weight: inherit; line-height: inherit; margin: 1.6em 0px; padding: 0px; vertical-align: baseline;\"><span style=\"border: 0px; font-family: inherit; font-size: 13px; font-style: inherit; font-variant: inherit; font-weight: inherit; line-height: 19px; margin: 0px; padding: 0px; vertical-align: baseline;\">Det finns olika s\u00e4tt att uppleva premi\u00e4ren dels kan du f\u00f6lja s\u00e4ndningen via Metropolitanoperans hemsida dels s\u00e4nds den i Sirius Radio.\u00a0<\/span><\/p>\n<p style=\"border: 0px; font-family: inherit; font-size: inherit; font-style: inherit; font-variant: inherit; font-weight: inherit; line-height: inherit; margin: 1.6em 0px; padding: 0px; vertical-align: baseline;\">Om du befinner dig i New York kan du f\u00f6lja s\u00e4ndningen dels utanf\u00f6r Metropolitan Opera dvs p\u00e5 Lincoln Square dels p\u00e5 Times Square och ytterligare ett st\u00e4lle, men det f\u00f6ruts\u00e4tter f\u00f6rst\u00e5s att du har h\u00e4mtat dina biljetter f\u00f6re f\u00f6rest\u00e4llningen. Biljetterna sl\u00e4pptes i dag om jag har f\u00f6rst\u00e5tt det korrekt och biljetterna \u00e4r gratis, man f\u00e5r endast tv\u00e5 biljetter.<\/p>\n<p style=\"border: 0px; font-family: inherit; font-size: inherit; font-style: inherit; font-variant: inherit; font-weight: inherit; line-height: inherit; margin: 1.6em 0px; padding: 0px; vertical-align: baseline;\">En del av oss har kanske ocks\u00e5 blivit inbjudna direkt via brev fr\u00e5n The Met, men det \u00e4r som med inbjudan till Nobelfestligheterna inget billigt n\u00f6je fast det \u00e4r troligen mycket dyrare att bes\u00f6ka s\u00e4songs\u00f6ppningen \u00e4n att delta p\u00e5 de \u00e5rliga Nobelfestligheterna och d\u00e5 r\u00e4knar jag inte med flygkostnaden\u00a0<span style=\"border: 0px; font-family: inherit; font-size: 13px; font-style: inherit; font-variant: inherit; font-weight: inherit; line-height: 19px; margin: 0px; padding: 0px; vertical-align: baseline;\">t o r till The Big Apple och andra n\u00f6dv\u00e4ndiga kostnader.<\/span><\/p>\n<p style=\"border: 0px; font-family: inherit; font-size: inherit; font-style: inherit; font-variant: inherit; font-weight: inherit; line-height: inherit; margin: 1.6em 0px; padding: 0px; vertical-align: baseline;\">Personligen skulle jag inte g\u00f6ra en dylik resa f\u00f6r egna medel, men om jag blev inbjuden och alla kostnader betalda skulle jag \u00e5tminstone \u00f6verv\u00e4ga att \u00e5ka. Men bara kanske.<\/p>\n<p style=\"border: 0px; font-family: inherit; font-size: inherit; font-style: inherit; font-variant: inherit; font-weight: inherit; line-height: inherit; margin: 1.6em 0px; padding: 0px; vertical-align: baseline;\">Det \u00e4r helt OK att se f\u00f6rest\u00e4llningen som operabio och det kan \u00a0de flesta av oss g\u00f6ra den 5 oktober p\u00e5 \u00a0Folkets Hus\/Parkers digitala biografkedja. Om du, som jag skall g\u00e5 p\u00e5 premi\u00e4ren av Parsifal p\u00e5 Kungliga Operan kan du uppleva f\u00f6rest\u00e4llningen dagen efter p\u00e5 m\u00e5nga biografer bel\u00e4gna i n\u00e5got storstadsomr\u00e5de.<\/p>\n<p style=\"border: 0px; font-family: inherit; font-size: inherit; font-style: inherit; font-variant: inherit; font-weight: inherit; line-height: inherit; margin: 1.6em 0px; padding: 0px; vertical-align: baseline;\">Senare i h\u00f6st ges ocks\u00e5 f\u00f6rest\u00e4llningen bl a med v\u00e5r egen Peter Mattei. L\u00e4s mer om detta p\u00e5 <a style=\"border: 0px; font-family: inherit; font-size: inherit; font-style: inherit; font-variant: inherit; font-weight: 400; line-height: inherit; margin: 0px; padding: 0px; vertical-align: baseline; color: #0066cc; text-decoration: none;\" href=\"http:\/\/www.metoperafamily.org\/\/opera\/eugene-onegin-tchaikovsky-tickets.aspx?icamp=onegin&amp;iloc=hpbuc\">Metropolitans hemsida<\/a><\/p>\n<\/div>\n<div class=\"navigation\" style=\"border: 0px; font-family: Arial, Helvetica, sans-serif; font-size: 13px; font-style: normal; font-variant: normal; font-weight: normal; line-height: 28px; margin: 20px 0px; padding: 0px 5px; vertical-align: baseline; color: #111111; height: 28px; letter-spacing: normal; text-align: start; text-indent: 0px; background-color: #ffffff;\"><\/div>\n","protected":false},"excerpt":{"rendered":"<p>\u00a0 S\u00e4songs\u00f6ppning p\u00e5 Metropolitan Opera i New York 23\/9 2013 Eugen Onegin med bl a Anna Netrebko och\u00a0Mariusz Kwiecien I morgon kv\u00e4ll \u00e4r det s\u00e4songspremi\u00e4r p\u00e5 Metropolitan Opera i New York. Det blir Peter Tjajkovskijs Eugen Onegin \u00a0som f\u00e5r inleda s\u00e4songen 2013-14. Premi\u00e4ren b\u00f6rjar EST 6:55 och eftersom tidsf\u00f6rskjutningen uppg\u00e5r till sju timmar s\u00e5 kan [&hellip;]<\/p>\n","protected":false},"author":13,"featured_media":0,"comment_status":"open","ping_status":"open","sticky":false,"template":"","format":"standard","meta":{"_genesis_hide_title":false,"_genesis_hide_breadcrumbs":false,"_genesis_hide_singular_image":false,"_genesis_hide_footer_widgets":false,"_genesis_custom_body_class":"","_genesis_custom_post_class":"","_genesis_layout":"","footnotes":""},"categories":[20],"tags":[3960,10349],"class_list":{"0":"post-75234","1":"post","2":"type-post","3":"status-publish","4":"format-standard","6":"category-film","7":"tag-new-york","8":"tag-sasongsoppning-pa-metropolitan-opera","9":"entry"},"_links":{"self":[{"href":"https:\/\/kulturbloggen.com\/index.php?rest_route=\/wp\/v2\/posts\/75234","targetHints":{"allow":["GET"]}}],"collection":[{"href":"https:\/\/kulturbloggen.com\/index.php?rest_route=\/wp\/v2\/posts"}],"about":[{"href":"https:\/\/kulturbloggen.com\/index.php?rest_route=\/wp\/v2\/types\/post"}],"author":[{"embeddable":true,"href":"https:\/\/kulturbloggen.com\/index.php?rest_route=\/wp\/v2\/users\/13"}],"replies":[{"embeddable":true,"href":"https:\/\/kulturbloggen.com\/index.php?rest_route=%2Fwp%2Fv2%2Fcomments&post=75234"}],"version-history":[{"count":2,"href":"https:\/\/kulturbloggen.com\/index.php?rest_route=\/wp\/v2\/posts\/75234\/revisions"}],"predecessor-version":[{"id":75238,"href":"https:\/\/kulturbloggen.com\/index.php?rest_route=\/wp\/v2\/posts\/75234\/revisions\/75238"}],"wp:attachment":[{"href":"https:\/\/kulturbloggen.com\/index.php?rest_route=%2Fwp%2Fv2%2Fmedia&parent=75234"}],"wp:term":[{"taxonomy":"category","embeddable":true,"href":"https:\/\/kulturbloggen.com\/index.php?rest_route=%2Fwp%2Fv2%2Fcategories&post=75234"},{"taxonomy":"post_tag","embeddable":true,"href":"https:\/\/kulturbloggen.com\/index.php?rest_route=%2Fwp%2Fv2%2Ftags&post=75234"}],"curies":[{"name":"wp","href":"https:\/\/api.w.org\/{rel}","templated":true}]}}