{"id":75120,"date":"2013-09-19T19:54:58","date_gmt":"2013-09-19T17:54:58","guid":{"rendered":"http:\/\/kulturbloggen.com\/?p=75120"},"modified":"2013-09-21T10:24:26","modified_gmt":"2013-09-21T08:24:26","slug":"minnet-en-fascinerande-inblick-i-hur-var-hjarna-styr-oss","status":"publish","type":"post","link":"https:\/\/kulturbloggen.com\/?p=75120","title":{"rendered":"Minnet &#8211; en fascinerande inblick i hur v\u00e5r hj\u00e4rna styr oss"},"content":{"rendered":"<p><a href=\"http:\/\/kulturbloggen.com\/wp-content\/uploads\/2013\/09\/Minnet.jpg\"><img loading=\"lazy\" decoding=\"async\" src=\"http:\/\/kulturbloggen.com\/wp-content\/uploads\/2013\/09\/Minnet-182x300.jpg\" alt=\"Minnet\" width=\"182\" height=\"300\" class=\"aligncenter size-medium wp-image-75121\" \/><\/a><\/p>\n<p><a href=\"http:\/\/www.adlibris.com\/se\/bok\/minnet-fram-och-tillbaka\" target=\"_blank\">Minnet, Fram och tillbaka<\/a><br \/>\nF\u00f6rfattare: Pontus Wasling<br \/>\nF\u00f6rlag: <a href=\"http:\/\/www.volante.se\/bocker\/minnet\" target=\"_blank\">Volante<\/a><br \/>\nUtgiven: 201309<br \/>\nISBN 1978-91-87419-15-7<\/p>\n<p>Pontus Wasling, l\u00e4kare och hj\u00e4rnforskare vid Sahlgrenska universitetssjukhuset har skrivit en bok om v\u00e5rt minne, \u201dMinnet, fram och tillbaka\u201d, d\u00e4r han har gjort en \u00f6vergripande sammanst\u00e4llning av den senaste tidens forskning.<\/p>\n<p>Titeln syftar p\u00e5 att vi hela tiden flyttar minnet mellan d\u00e5 och nu i enlighet med Augustinus tidiga bek\u00e4nnelser. Och framf\u00f6r allt \u00e4ven fram\u00e5t, hj\u00e4rnan \u00e4r enligt forskningen en retrofuturist n\u00e4r den g\u00e5r tillbaka till minnena f\u00f6r att skapa framtid.<\/p>\n<p>De banala \u00f6gonblicken utg\u00f6r minst nittionio procent av v\u00e5r tid. Hos de flesta gl\u00f6ms det mesta bort. Minnena som fastnar \u00e4r de som b\u00e4r p\u00e5 v\u00e5r livserfarenhet. V\u00e5ra minnen anv\u00e4nds f\u00f6r att konstruera bilder av framtiden. Vi skapar dem av erfarenheter f\u00f6r att anpassa oss till framtiden. Vi kopplar alltid nya minnen till de \u00e4ldre som vi redan har och d\u00e4rmed blir det l\u00e4ttare att l\u00e4ra sig nytt ju mer man redan vet. Minnets viktigaste uppgift \u00e4r att skapa bilder av framtiden s\u00e5 att vi kan ta bra beslut, inte att vara n\u00e5got vi passivt ser tillbaka p\u00e5.<\/p>\n<p>Att ha minnen och att anv\u00e4nda dem \u00e4r enligt f\u00f6rfattaren tv\u00e5 helt olika saker. Jag vet hur-minnena utvecklar vi \u00f6ver tiden och de f\u00f6rb\u00e4ttras med r\u00e4tt undervisning. Jag vet att-minnena lagras in snabbt men tynar sedan bort. <\/p>\n<p>Wasling har i boken bl.a. med en beskrivning av nobelpristagaren i ekonomi Daniel Kahnemans (\u201dT\u00e4nka snabbt och l\u00e5ngsamt\u201d) intressanta teori om System 1 (tankesystem styrt av intuitiv k\u00e4nsla) och System 2 (det analytiska och teoretiska). H\u00e4r kan vi f\u00e5 en uppfattning om hur sv\u00e5rt det kan vara att i verkligheten f\u00e5 bukt med f\u00f6rdomar, som n\u00e4sta alla har och som grundar sig i snabba omd\u00f6men och omedvetna val. De omedvetna, tysta och ofta f\u00f6rdomsfulla intuitionerna styr troligtvis den st\u00f6rsta delen av v\u00e5ra liv. De tar l\u00e5ng tid att tr\u00e4na in och inneb\u00e4r f\u00f6r det mesta generaliseringar. Vi g\u00f6r og\u00e4rna n\u00e5got som vi inte k\u00e4nner igen, vi blir omg\u00e4rdade av tyckanden som kan g\u00f6ra oss enkelsp\u00e5riga.<\/p>\n<p>Ett kapitel \u00e4gnas \u00e5t droger. V\u00e4lbehag \u00e4r viktigt f\u00f6r att skapa minnen men droger kan ta \u00f6ver bel\u00f6ningssystemet s\u00e5 totalt att de vanliga bel\u00f6ningarna blir devalverade och mister sin betydelse. Ett annat \u00e5t njutning, enligt Wasling \u00e4r de kortvariga njutningarnas uppgift \u00e4r att motivera oss s\u00e5 att vi kan l\u00e4ra in nya minnen, som ska leda till b\u00e4ttre \u00f6verlevnad f\u00f6r oss som biologiska organismer.<\/p>\n<p>Jag sl\u00e5s jag av hur mycket av v\u00e5ra k\u00e4nslor och d\u00e4rav f\u00f6ljande beteenden som enligt hj\u00e4rnforskningen beror av biologin i v\u00e5r hj\u00e4rna. Det \u00e4r kemiska substanser som genomstr\u00f6mmar hj\u00e4rnans olika delar, elektriska impulser mellan miljontals synapser, olika mekanismer som genererar bel\u00f6ningar, njutningar, som vi sedan lagrar och \u00e5terkommer till som erfarenheter. Lite ot\u00e4ckt \u00e4r det att f\u00f6rst\u00e4lla sig vad \u00e4nnu fler uppt\u00e4ckter av detta slag kan leda till i en o\u00f6verblickbar framtid t.ex. i form av manipulering av beteenden.<\/p>\n<p>Jag l\u00e4ser samtidigt med denna bok Lars Nor\u00e9ns f\u00f6rsta dagbok fr\u00e5n 2002-2005. Jag kan rekommendera det, dagboken \u00e4r ett underbart exempel med vilket man kan g\u00f6ra j\u00e4mf\u00f6relser och applikationer.<\/p>\n<p>F\u00f6rfattaren s\u00e4ger sig ha anv\u00e4nt n\u00e5gra tricks f\u00f6r att f\u00e5 boken att fastna i v\u00e5ra minnen. Jag tror att det bl.a. kan vara struktureringen av boken med tydliga rubriker p\u00e5 egen sida framf\u00f6r varje kapitel och dessutom kapitlen indelade i underrubriker som v\u00e4cker v\u00e5r nyfikenhet.<\/p>\n<p>\u00c4ven om v\u00e5rt minne \u00e4r en avg\u00f6rande f\u00f6ruts\u00e4ttning f\u00f6r att vi ska kunna fungera som m\u00e4nniskor s\u00e5 f\u00f6rst\u00e5r jag n\u00e4r jag l\u00e4ser Pontus Waslings bok att det samtidigt begr\u00e4nsar oss v\u00e4ldigt mycket, v\u00e5r valfrihet \u00e4r inte s\u00e5 stor som vi tror. <\/p>\n<p>Det har varit fascinerande och ot\u00e4ckt att p\u00e5 ett l\u00e4ttfattligt s\u00e4tt f\u00e5 en inblick i hur v\u00e5ra hj\u00e4rnor styr oss in i minsta detalj. Och att det finns hopp om att det inte beh\u00f6ver vara riktigt s\u00e5. Vi har alltid m\u00f6jlighet att omtolka och bearbeta v\u00e5ra minnen med hj\u00e4lp n\u00e5got s\u00e5 abstrakt och ogripbart som v\u00e5r fantasi!<\/p>\n<p><strong>Text: Vivian Gustin<\/strong><\/p>\n","protected":false},"excerpt":{"rendered":"<p>Minnet, Fram och tillbaka F\u00f6rfattare: Pontus Wasling F\u00f6rlag: Volante Utgiven: 201309 ISBN 1978-91-87419-15-7 Pontus Wasling, l\u00e4kare och hj\u00e4rnforskare vid Sahlgrenska universitetssjukhuset har skrivit en bok om v\u00e5rt minne, \u201dMinnet, fram och tillbaka\u201d, d\u00e4r han har gjort en \u00f6vergripande sammanst\u00e4llning av den senaste tidens forskning. Titeln syftar p\u00e5 att vi hela tiden flyttar minnet mellan d\u00e5 [&hellip;]<\/p>\n","protected":false},"author":13,"featured_media":0,"comment_status":"open","ping_status":"open","sticky":false,"template":"","format":"standard","meta":{"_genesis_hide_title":false,"_genesis_hide_breadcrumbs":false,"_genesis_hide_singular_image":false,"_genesis_hide_footer_widgets":false,"_genesis_custom_body_class":"","_genesis_custom_post_class":"","_genesis_layout":"","footnotes":""},"categories":[43,3,16],"tags":[],"class_list":{"0":"post-75120","1":"post","2":"type-post","3":"status-publish","4":"format-standard","6":"category-bokrecension","7":"category-litteratur","8":"category-recension","9":"entry"},"_links":{"self":[{"href":"https:\/\/kulturbloggen.com\/index.php?rest_route=\/wp\/v2\/posts\/75120","targetHints":{"allow":["GET"]}}],"collection":[{"href":"https:\/\/kulturbloggen.com\/index.php?rest_route=\/wp\/v2\/posts"}],"about":[{"href":"https:\/\/kulturbloggen.com\/index.php?rest_route=\/wp\/v2\/types\/post"}],"author":[{"embeddable":true,"href":"https:\/\/kulturbloggen.com\/index.php?rest_route=\/wp\/v2\/users\/13"}],"replies":[{"embeddable":true,"href":"https:\/\/kulturbloggen.com\/index.php?rest_route=%2Fwp%2Fv2%2Fcomments&post=75120"}],"version-history":[{"count":3,"href":"https:\/\/kulturbloggen.com\/index.php?rest_route=\/wp\/v2\/posts\/75120\/revisions"}],"predecessor-version":[{"id":75124,"href":"https:\/\/kulturbloggen.com\/index.php?rest_route=\/wp\/v2\/posts\/75120\/revisions\/75124"}],"wp:attachment":[{"href":"https:\/\/kulturbloggen.com\/index.php?rest_route=%2Fwp%2Fv2%2Fmedia&parent=75120"}],"wp:term":[{"taxonomy":"category","embeddable":true,"href":"https:\/\/kulturbloggen.com\/index.php?rest_route=%2Fwp%2Fv2%2Fcategories&post=75120"},{"taxonomy":"post_tag","embeddable":true,"href":"https:\/\/kulturbloggen.com\/index.php?rest_route=%2Fwp%2Fv2%2Ftags&post=75120"}],"curies":[{"name":"wp","href":"https:\/\/api.w.org\/{rel}","templated":true}]}}