{"id":7506,"date":"2009-03-05T21:18:52","date_gmt":"2009-03-05T20:18:52","guid":{"rendered":"http:\/\/kulturbloggen.com\/?p=7506"},"modified":"2011-12-03T14:45:42","modified_gmt":"2011-12-03T13:45:42","slug":"michael-jackson-ger-tio-avskedskonserter","status":"publish","type":"post","link":"https:\/\/kulturbloggen.com\/?p=7506","title":{"rendered":"Michael Jackson ger tio avskedskonserter"},"content":{"rendered":"<p>Michael Jackson ska ge tio konserter i O2-arenan i London. Och &#8221;that\u00b4s it&#8221; &#8211; enligt ett pressmeddelande.<br \/>\nDet blir hans tio avskedskonserter till artistlivet.<br \/>\n<!--more--><br \/>\nPressmeddelandet fr\u00e5n Sony s\u00e4ger:<\/p>\n<blockquote><p>Michael Jackson &#8211; King of Pop &#8211; \u00e4r tillbaka f\u00f6r att g\u00f6ra 10 historiska framtr\u00e4danden p\u00e5 O2-arenan i London. Showen heter &#8221;This Is It&#8221; och \u00e4r, enligt stj\u00e4rnan, de sista framtr\u00e4dandena han g\u00f6r n\u00e5gonsin.<\/p>\n<p>&#8221;I am coming to London to play the songs my fans want to hear,&#8221; s\u00e4ger Michael i ett uttalande.<\/p>\n<p>Det \u00e4r tolv \u00e5r sedan Michael Jackson sist var p\u00e5 turn\u00e9. Fansen kan se fram emot en mycket extraordin\u00e4r show med fantastiska supportakter.<\/p><\/blockquote>\n<p>Jag har inte varit n\u00e5gon supporter av Michael Jackson, men det vore kul att se honom live en g\u00e5ng, i alla fall. O2-arenan \u00e4r en suver\u00e4n arena. Vi p\u00e5 Kulturbloggen var d\u00e4r nyligen och s\u00e5g en konsert med fyra band (The Cure, Franz Ferdinand, White Lies och Chrystal Castles.)<\/p>\n<p>Men jag tippar att \u00e4ven om O2-arenan tar 20.000 personer l\u00e4r biljetterna till Jacksons avskedskonserter ta slut snabbt som bara den. M\u00e4nniskor kommer att komma fr\u00e5n v\u00e4rldens alla h\u00f6rn, tippar jag.<\/p>\n<p><a href=\"http:\/\/www.MichaelJacksonLive.com\">L\u00e4s mer p\u00e5 www.MichaelJacksonLive.com<\/a><\/p>\n<p>Relaterat: <a href=\"http:\/\/www.aftonbladet.se\/nojesbladet\/article4572811.ab\">Aftonbladet<\/a><\/p>\n<p><img loading=\"lazy\" decoding=\"async\" src=\"http:\/\/sodergren.com\/kulturbloggen\/wp-content\/uploads\/2009\/03\/michaeljackson600-300x100.jpg\" alt=\"michaeljackson600\" title=\"michaeljackson600\" width=\"300\" height=\"100\" class=\"alignnone size-medium wp-image-7508\" \/><\/p>\n","protected":false},"excerpt":{"rendered":"<p>Michael Jackson ska ge tio konserter i O2-arenan i London. Och &#8221;that\u00b4s it&#8221; &#8211; enligt ett pressmeddelande. Det blir hans tio avskedskonserter till artistlivet.<\/p>\n","protected":false},"author":2,"featured_media":45130,"comment_status":"open","ping_status":"open","sticky":false,"template":"","format":"standard","meta":{"_genesis_hide_title":false,"_genesis_hide_breadcrumbs":false,"_genesis_hide_singular_image":false,"_genesis_hide_footer_widgets":false,"_genesis_custom_body_class":"","_genesis_custom_post_class":"","_genesis_layout":"","footnotes":""},"categories":[20],"tags":[3004,3320,3349],"class_list":{"0":"post-7506","1":"post","2":"type-post","3":"status-publish","4":"format-standard","5":"has-post-thumbnail","7":"category-film","8":"tag-konserter","9":"tag-live","10":"tag-london","11":"entry"},"_links":{"self":[{"href":"https:\/\/kulturbloggen.com\/index.php?rest_route=\/wp\/v2\/posts\/7506","targetHints":{"allow":["GET"]}}],"collection":[{"href":"https:\/\/kulturbloggen.com\/index.php?rest_route=\/wp\/v2\/posts"}],"about":[{"href":"https:\/\/kulturbloggen.com\/index.php?rest_route=\/wp\/v2\/types\/post"}],"author":[{"embeddable":true,"href":"https:\/\/kulturbloggen.com\/index.php?rest_route=\/wp\/v2\/users\/2"}],"replies":[{"embeddable":true,"href":"https:\/\/kulturbloggen.com\/index.php?rest_route=%2Fwp%2Fv2%2Fcomments&post=7506"}],"version-history":[{"count":1,"href":"https:\/\/kulturbloggen.com\/index.php?rest_route=\/wp\/v2\/posts\/7506\/revisions"}],"predecessor-version":[{"id":45131,"href":"https:\/\/kulturbloggen.com\/index.php?rest_route=\/wp\/v2\/posts\/7506\/revisions\/45131"}],"wp:featuredmedia":[{"embeddable":true,"href":"https:\/\/kulturbloggen.com\/index.php?rest_route=\/wp\/v2\/media\/45130"}],"wp:attachment":[{"href":"https:\/\/kulturbloggen.com\/index.php?rest_route=%2Fwp%2Fv2%2Fmedia&parent=7506"}],"wp:term":[{"taxonomy":"category","embeddable":true,"href":"https:\/\/kulturbloggen.com\/index.php?rest_route=%2Fwp%2Fv2%2Fcategories&post=7506"},{"taxonomy":"post_tag","embeddable":true,"href":"https:\/\/kulturbloggen.com\/index.php?rest_route=%2Fwp%2Fv2%2Ftags&post=7506"}],"curies":[{"name":"wp","href":"https:\/\/api.w.org\/{rel}","templated":true}]}}