{"id":74929,"date":"2013-09-15T18:29:09","date_gmt":"2013-09-15T16:29:09","guid":{"rendered":"http:\/\/kulturbloggen.com\/?p=74929"},"modified":"2013-09-15T19:39:34","modified_gmt":"2013-09-15T17:39:34","slug":"lyssna-anna-calvi-sing-to-me","status":"publish","type":"post","link":"https:\/\/kulturbloggen.com\/?p=74929","title":{"rendered":"Lyssna: Anna Calvi &#8211; Sing to Me"},"content":{"rendered":"<p><a href=\"http:\/\/kulturbloggen.com\/wp-content\/uploads\/2013\/09\/calvi-281x300.jpg\"><img loading=\"lazy\" decoding=\"async\" class=\"aligncenter size-full wp-image-74930\" alt=\"calvi-281x300\" src=\"http:\/\/kulturbloggen.com\/wp-content\/uploads\/2013\/09\/calvi-281x300.jpg\" width=\"281\" height=\"300\" \/><\/a><\/p>\n<p>Efter f\u00f6rsta smakprovet med <a href=\"http:\/\/kulturbloggen.com\/?p=73996\"><em>Eliza<\/em><\/a> bjuder brittiska Anna Calvi p\u00e5 ytterligare en l\u00e5t fr\u00e5n det nya albumet <em>One Breath<\/em>, vilket f\u00f6ljer upp den Mercury Prize-nominerade debuten fr\u00e5n 2011.<\/p>\n<p><strong>Du kan lyssna p\u00e5 l\u00e5ten, som heter\u00a0<em>Sing to Me,<\/em> h\u00e4r:<\/strong><\/p>\n<p><iframe loading=\"lazy\" src=\"\/\/www.youtube.com\/embed\/pZug1q9ns0I\" height=\"315\" width=\"420\" allowfullscreen=\"\" frameborder=\"0\"><\/iframe><\/p>\n","protected":false},"excerpt":{"rendered":"<p>Efter f\u00f6rsta smakprovet med Eliza bjuder brittiska Anna Calvi p\u00e5 ytterligare en l\u00e5t fr\u00e5n det nya albumet One Breath, vilket f\u00f6ljer upp den Mercury Prize-nominerade debuten fr\u00e5n 2011. Du kan lyssna p\u00e5 l\u00e5ten, som heter\u00a0Sing to Me, h\u00e4r:<\/p>\n","protected":false},"author":3,"featured_media":0,"comment_status":"open","ping_status":"open","sticky":false,"template":"","format":"standard","meta":{"_genesis_hide_title":false,"_genesis_hide_breadcrumbs":false,"_genesis_hide_singular_image":false,"_genesis_hide_footer_widgets":false,"_genesis_custom_body_class":"","_genesis_custom_post_class":"","_genesis_layout":"","footnotes":""},"categories":[7],"tags":[305,10319],"class_list":{"0":"post-74929","1":"post","2":"type-post","3":"status-publish","4":"format-standard","6":"category-musik","7":"tag-anna-calvi","8":"tag-sing-to-me","9":"entry"},"_links":{"self":[{"href":"https:\/\/kulturbloggen.com\/index.php?rest_route=\/wp\/v2\/posts\/74929","targetHints":{"allow":["GET"]}}],"collection":[{"href":"https:\/\/kulturbloggen.com\/index.php?rest_route=\/wp\/v2\/posts"}],"about":[{"href":"https:\/\/kulturbloggen.com\/index.php?rest_route=\/wp\/v2\/types\/post"}],"author":[{"embeddable":true,"href":"https:\/\/kulturbloggen.com\/index.php?rest_route=\/wp\/v2\/users\/3"}],"replies":[{"embeddable":true,"href":"https:\/\/kulturbloggen.com\/index.php?rest_route=%2Fwp%2Fv2%2Fcomments&post=74929"}],"version-history":[{"count":2,"href":"https:\/\/kulturbloggen.com\/index.php?rest_route=\/wp\/v2\/posts\/74929\/revisions"}],"predecessor-version":[{"id":74932,"href":"https:\/\/kulturbloggen.com\/index.php?rest_route=\/wp\/v2\/posts\/74929\/revisions\/74932"}],"wp:attachment":[{"href":"https:\/\/kulturbloggen.com\/index.php?rest_route=%2Fwp%2Fv2%2Fmedia&parent=74929"}],"wp:term":[{"taxonomy":"category","embeddable":true,"href":"https:\/\/kulturbloggen.com\/index.php?rest_route=%2Fwp%2Fv2%2Fcategories&post=74929"},{"taxonomy":"post_tag","embeddable":true,"href":"https:\/\/kulturbloggen.com\/index.php?rest_route=%2Fwp%2Fv2%2Ftags&post=74929"}],"curies":[{"name":"wp","href":"https:\/\/api.w.org\/{rel}","templated":true}]}}