{"id":74831,"date":"2013-09-12T17:24:47","date_gmt":"2013-09-12T15:24:47","guid":{"rendered":"http:\/\/kulturbloggen.com\/?p=74831"},"modified":"2013-09-12T19:00:36","modified_gmt":"2013-09-12T17:00:36","slug":"sky-ferreira-slapper-sitt-debutalbum-night-time-my-time-i-oktober","status":"publish","type":"post","link":"https:\/\/kulturbloggen.com\/?p=74831","title":{"rendered":"Sky Ferreira sl\u00e4pper sitt debutalbum &#8221;Night Time, My Time&#8221; i oktober"},"content":{"rendered":"<p><a href=\"http:\/\/kulturbloggen.com\/wp-content\/uploads\/2013\/09\/sky.jpg\"><img loading=\"lazy\" decoding=\"async\" class=\"aligncenter size-medium wp-image-74832\" alt=\"sky\" src=\"http:\/\/kulturbloggen.com\/wp-content\/uploads\/2013\/09\/sky-300x225.jpg\" width=\"300\" height=\"225\" srcset=\"https:\/\/kulturbloggen.com\/wp-content\/uploads\/2013\/09\/sky-300x225.jpg 300w, https:\/\/kulturbloggen.com\/wp-content\/uploads\/2013\/09\/sky-1024x768.jpg 1024w, https:\/\/kulturbloggen.com\/wp-content\/uploads\/2013\/09\/sky.jpg 1200w\" sizes=\"auto, (max-width: 300px) 100vw, 300px\" \/><\/a><\/p>\n<p>Efter att ha plockats upp av majorbolag redan som ton\u00e5ring st\u00e5r det nu klart att tjugoett\u00e5riga Sky Ferreira efter flera \u00e5r i branschen den 29 oktober \u00e4ntligen sl\u00e4pper sitt efterl\u00e4ngtade debutalbum <em>Night Time, My Time<\/em>. Albumet, som f\u00f6ljer upp f\u00f6rra \u00e5rets <em>Ghost EP\u00a0<\/em>som ju bland annat inneh\u00f6ll den av Dev Hynes producerade l\u00e5ten <em>Everything is Embarassing<\/em>, kommer att inneh\u00e5lla f\u00f6ljande tolv sp\u00e5r:<\/p>\n<p>1. Boys<br \/>\n2. Ain&#8217;t Your Right<br \/>\n3. 24 Hours<br \/>\n4. Nobody Asked Me (If I Was Okay)<br \/>\n5. I Blame Myself<br \/>\n6. Omanko<br \/>\n7. You&#8217;re Not the One<br \/>\n8. Heavy Metal Heart<br \/>\n9. Kristine<br \/>\n10. I Will<br \/>\n11. Love in Stereo<br \/>\n12. Night Time, My Time<\/p>\n<p><strong>Dessf\u00f6rinnan kommer hon dela med sig av singeln <em>You&#8217;re Not the One<\/em>, men tills vidare kan du ju titta p\u00e5 musikvideon till <em>Lost in My Bedroom &#8211;<\/em> fr\u00e5n f\u00f6rra \u00e5rets <em>Ghost EP &#8211;<\/em> h\u00e4r:<\/strong><\/p>\n<p><iframe loading=\"lazy\" src=\"\/\/www.youtube.com\/embed\/3cGScRQCIR8\" height=\"315\" width=\"560\" allowfullscreen=\"\" frameborder=\"0\"><\/iframe><\/p>\n","protected":false},"excerpt":{"rendered":"<p>Efter att ha plockats upp av majorbolag redan som ton\u00e5ring st\u00e5r det nu klart att tjugoett\u00e5riga Sky Ferreira efter flera \u00e5r i branschen den 29 oktober \u00e4ntligen sl\u00e4pper sitt efterl\u00e4ngtade debutalbum Night Time, My Time. Albumet, som f\u00f6ljer upp f\u00f6rra \u00e5rets Ghost EP\u00a0som ju bland annat inneh\u00f6ll den av Dev Hynes producerade l\u00e5ten Everything is [&hellip;]<\/p>\n","protected":false},"author":3,"featured_media":0,"comment_status":"open","ping_status":"open","sticky":false,"template":"","format":"standard","meta":{"_genesis_hide_title":false,"_genesis_hide_breadcrumbs":false,"_genesis_hide_singular_image":false,"_genesis_hide_footer_widgets":false,"_genesis_custom_body_class":"","_genesis_custom_post_class":"","_genesis_layout":"","footnotes":""},"categories":[7],"tags":[10313,10312,10311],"class_list":{"0":"post-74831","1":"post","2":"type-post","3":"status-publish","4":"format-standard","6":"category-musik","7":"tag-my-time","8":"tag-night-time","9":"tag-sky-ferriera","10":"entry"},"_links":{"self":[{"href":"https:\/\/kulturbloggen.com\/index.php?rest_route=\/wp\/v2\/posts\/74831","targetHints":{"allow":["GET"]}}],"collection":[{"href":"https:\/\/kulturbloggen.com\/index.php?rest_route=\/wp\/v2\/posts"}],"about":[{"href":"https:\/\/kulturbloggen.com\/index.php?rest_route=\/wp\/v2\/types\/post"}],"author":[{"embeddable":true,"href":"https:\/\/kulturbloggen.com\/index.php?rest_route=\/wp\/v2\/users\/3"}],"replies":[{"embeddable":true,"href":"https:\/\/kulturbloggen.com\/index.php?rest_route=%2Fwp%2Fv2%2Fcomments&post=74831"}],"version-history":[{"count":4,"href":"https:\/\/kulturbloggen.com\/index.php?rest_route=\/wp\/v2\/posts\/74831\/revisions"}],"predecessor-version":[{"id":74839,"href":"https:\/\/kulturbloggen.com\/index.php?rest_route=\/wp\/v2\/posts\/74831\/revisions\/74839"}],"wp:attachment":[{"href":"https:\/\/kulturbloggen.com\/index.php?rest_route=%2Fwp%2Fv2%2Fmedia&parent=74831"}],"wp:term":[{"taxonomy":"category","embeddable":true,"href":"https:\/\/kulturbloggen.com\/index.php?rest_route=%2Fwp%2Fv2%2Fcategories&post=74831"},{"taxonomy":"post_tag","embeddable":true,"href":"https:\/\/kulturbloggen.com\/index.php?rest_route=%2Fwp%2Fv2%2Ftags&post=74831"}],"curies":[{"name":"wp","href":"https:\/\/api.w.org\/{rel}","templated":true}]}}