{"id":74282,"date":"2013-08-29T19:44:13","date_gmt":"2013-08-29T17:44:13","guid":{"rendered":"http:\/\/kulturbloggen.com\/?p=74282"},"modified":"2013-09-29T10:38:41","modified_gmt":"2013-09-29T08:38:41","slug":"pieter-hugos-this-must-be-the-place-pa-fotografiska","status":"publish","type":"post","link":"https:\/\/kulturbloggen.com\/?p=74282","title":{"rendered":"Pieter Hugos &#8221;This Must Be the Place&#8221; p\u00e5 Fotografiska"},"content":{"rendered":"<p><a href=\"http:\/\/kulturbloggen.com\/wp-content\/uploads\/2013\/08\/hugo1.jpg\"><img loading=\"lazy\" decoding=\"async\" class=\"aligncenter size-medium wp-image-74284\" alt=\"hugo\" src=\"http:\/\/kulturbloggen.com\/wp-content\/uploads\/2013\/08\/hugo1-300x300.jpg\" width=\"300\" height=\"300\" srcset=\"https:\/\/kulturbloggen.com\/wp-content\/uploads\/2013\/08\/hugo1-300x300.jpg 300w, https:\/\/kulturbloggen.com\/wp-content\/uploads\/2013\/08\/hugo1-150x150.jpg 150w, https:\/\/kulturbloggen.com\/wp-content\/uploads\/2013\/08\/hugo1.jpg 1024w\" sizes=\"auto, (max-width: 300px) 100vw, 300px\" \/><\/a><\/p>\n<p><strong>Pieter Hugo: This Must Be the Place<\/strong><br \/>\n<em>30 augusti &#8211; 24 november 2013<\/em><\/p>\n<p>Pieter Hugo, f\u00f6dd i Kapstaden 1976, v\u00e4xte upp i ett Sydafrika pr\u00e4glat av apartheid. N\u00e5got som skildras i utst\u00e4llningen <em>This Must Be the Place<\/em>\u00a0&#8211; som g\u00e5r upp p\u00e5 Fotografiska den 30 augusti och p\u00e5g\u00e5r till och med den 24 november &#8211; d\u00e4r verk fr\u00e5n hela hans karri\u00e4r presenteras. Det \u00e4r en s\u00e5 kallad &#8221;early mid-career retrospective&#8221; uppdelad i ett antal serier, och det f\u00f6rsta vi m\u00f6ts av \u00e4r en serie betitlad\u00a0<em>Nollywood<\/em> fr\u00e5n 2008-2009 d\u00e4r han unders\u00f6ker v\u00e4rldens tredje st\u00f6rsta filmindustri som ligger i Nigeria d\u00e4r det \u00e5rligen spelas in mellan 500 och 1000. Dessa filmer bygger p\u00e5 en hundra\u00e5rig muntlig tradition och tar ofta upp teman som romantik, trolldom, mutor och prostitution. En v\u00e4rld d\u00e4r vardag och fantasi flyter ihop med varandra.<\/p>\n<p>Hugos f\u00f6rsta egna projekt <em>Looking Aside<\/em> p\u00e5b\u00f6rjades 2003 och utg\u00f6rs av ett antal portr\u00e4tt vars syfte \u00e4r att g\u00f6ra s\u00e5 att vi som betraktare k\u00e4nner oss obekv\u00e4ma; vi ser till exempel bilder p\u00e5 personer med albinism samt blinda och \u00e4ldre m\u00e4nniskor, men hans mest uppm\u00e4rksammade projekt \u00e4r <em>The Hyena &amp; Other Men<\/em> som genomf\u00f6rdes 2005-2007 d\u00e4r han f\u00f6ljer en grupp gatuartister som reser runt i Nigerias st\u00e4der med tama hyenor, ormar och apor i hopp om att tj\u00e4na pengar.<\/p>\n<p>Ett av hans senaste projekt\u00a0<em>There\u2019s a Place in Hell for Me and My Friends<\/em>, f\u00f6r \u00f6vrigt d\u00f6pt efter en Morrissey-l\u00e5t, utg\u00f6rs av en serie svartvita portr\u00e4tt p\u00e5 s\u00e5v\u00e4l honom sj\u00e4lv som v\u00e4nner och bekanta bosatta i Sydafrika, dessa portr\u00e4tt har genomg\u00e5tt digital redigering s\u00e5 att det inte l\u00e4ngre g\u00e5r att klassificera n\u00e5gon som enbart &#8221;svart&#8221; eller &#8221;vit&#8221;. Hudtonerna str\u00e4cker sig \u00f6ver ett bredare spektrum och innefattar snarare alla f\u00e4rger. M\u00e4nniskors likhet \u00e4r n\u00e5got som genomsyrar hela utst\u00e4llningen.<\/p>\n<p><em>&#8211; Min far gav mig en kamera i f\u00f6delsedagspresent n\u00e4r jag fyllde tolv \u00e5r och kameran blev en urs\u00e4kt f\u00f6r att engagera sig i vad som var ett mycket problematiskt och riskfyllt samh\u00e4lle<\/em>, ber\u00e4ttar Pieter Hugo p\u00e5 plats i Stockholm under en pressvisning av utst\u00e4llningen.<\/p>\n<p><em>&#8211; Sydafrika befann sig mitt i en \u00f6verg\u00e5ngsperiod. Det var turbulent, s\u00e5 vad jag f\u00f6rs\u00f6kte g\u00f6ra p\u00e5 den tiden var att komma underfund med vart jag passade in i denna ekvation. Tjugofem \u00e5r senare \u00e4r det fortfarande vad jag f\u00f6rs\u00f6ker g\u00f6ra. Den d\u00e4r f\u00f6rsta impulsen som en g\u00e5ng v\u00e4ckte mitt intresse f\u00f6r fotografering \u00e4r fortfarande densamma. Naturligtvis har min f\u00f6rst\u00e5else f\u00f6r dynamiken och mediet utvecklats sedan dess.\u00a0<\/em><em>Kom ih\u00e5g att det p\u00e5gick en kulturell bojkott i Sydafrika under hela min uppv\u00e4xt. Det fanns ingen internationell musik tillg\u00e4nglig, om du ville ha ett U2-album s\u00e5 fick du be kompisar att kopiera sina kassettband. S\u00e5 isolerat var det.\u00a0<\/em><em>Fotografering i Sydafrika hade tv\u00e5 roller under den perioden; det f\u00f6rsta var att informera resten av v\u00e4rlden om vad som p\u00e5gick i landet, det andra var att fr\u00e4mja rasmots\u00e4ttningarna. Det var de skolorna jag v\u00e4xte upp med.<\/em><\/p>\n","protected":false},"excerpt":{"rendered":"<p>Pieter Hugo: This Must Be the Place 30 augusti &#8211; 24 november 2013 Pieter Hugo, f\u00f6dd i Kapstaden 1976, v\u00e4xte upp i ett Sydafrika pr\u00e4glat av apartheid. N\u00e5got som skildras i utst\u00e4llningen This Must Be the Place\u00a0&#8211; som g\u00e5r upp p\u00e5 Fotografiska den 30 augusti och p\u00e5g\u00e5r till och med den 24 november &#8211; d\u00e4r [&hellip;]<\/p>\n","protected":false},"author":3,"featured_media":0,"comment_status":"open","ping_status":"open","sticky":false,"template":"","format":"standard","meta":{"_genesis_hide_title":false,"_genesis_hide_breadcrumbs":false,"_genesis_hide_singular_image":false,"_genesis_hide_footer_widgets":false,"_genesis_custom_body_class":"","_genesis_custom_post_class":"","_genesis_layout":"","footnotes":""},"categories":[20],"tags":[1845,10265,5558,10266],"class_list":{"0":"post-74282","1":"post","2":"type-post","3":"status-publish","4":"format-standard","6":"category-film","7":"tag-fotografiska","8":"tag-pieter-hugo","9":"tag-sydafrika","10":"tag-this-must-be-the-place","11":"entry"},"_links":{"self":[{"href":"https:\/\/kulturbloggen.com\/index.php?rest_route=\/wp\/v2\/posts\/74282","targetHints":{"allow":["GET"]}}],"collection":[{"href":"https:\/\/kulturbloggen.com\/index.php?rest_route=\/wp\/v2\/posts"}],"about":[{"href":"https:\/\/kulturbloggen.com\/index.php?rest_route=\/wp\/v2\/types\/post"}],"author":[{"embeddable":true,"href":"https:\/\/kulturbloggen.com\/index.php?rest_route=\/wp\/v2\/users\/3"}],"replies":[{"embeddable":true,"href":"https:\/\/kulturbloggen.com\/index.php?rest_route=%2Fwp%2Fv2%2Fcomments&post=74282"}],"version-history":[{"count":7,"href":"https:\/\/kulturbloggen.com\/index.php?rest_route=\/wp\/v2\/posts\/74282\/revisions"}],"predecessor-version":[{"id":74299,"href":"https:\/\/kulturbloggen.com\/index.php?rest_route=\/wp\/v2\/posts\/74282\/revisions\/74299"}],"wp:attachment":[{"href":"https:\/\/kulturbloggen.com\/index.php?rest_route=%2Fwp%2Fv2%2Fmedia&parent=74282"}],"wp:term":[{"taxonomy":"category","embeddable":true,"href":"https:\/\/kulturbloggen.com\/index.php?rest_route=%2Fwp%2Fv2%2Fcategories&post=74282"},{"taxonomy":"post_tag","embeddable":true,"href":"https:\/\/kulturbloggen.com\/index.php?rest_route=%2Fwp%2Fv2%2Ftags&post=74282"}],"curies":[{"name":"wp","href":"https:\/\/api.w.org\/{rel}","templated":true}]}}