{"id":73996,"date":"2013-08-19T14:18:40","date_gmt":"2013-08-19T12:18:40","guid":{"rendered":"http:\/\/kulturbloggen.com\/?p=73996"},"modified":"2013-08-19T14:18:40","modified_gmt":"2013-08-19T12:18:40","slug":"lyssna-anna-calvi-eliza","status":"publish","type":"post","link":"https:\/\/kulturbloggen.com\/?p=73996","title":{"rendered":"Lyssna: Anna Calvi &#8211; Eliza"},"content":{"rendered":"<p><a href=\"http:\/\/kulturbloggen.com\/wp-content\/uploads\/2013\/08\/calvi.jpg\"><img loading=\"lazy\" decoding=\"async\" class=\"aligncenter size-medium wp-image-73997\" alt=\"calvi\" src=\"http:\/\/kulturbloggen.com\/wp-content\/uploads\/2013\/08\/calvi-281x300.jpg\" width=\"281\" height=\"300\" srcset=\"https:\/\/kulturbloggen.com\/wp-content\/uploads\/2013\/08\/calvi-281x300.jpg 281w, https:\/\/kulturbloggen.com\/wp-content\/uploads\/2013\/08\/calvi.jpg 902w\" sizes=\"auto, (max-width: 281px) 100vw, 281px\" \/><\/a><\/p>\n<p>Den sjunde oktober sl\u00e4pper brittiskan Anna Calvi det nya albumet <em>One Breath<\/em> vilket f\u00f6ljer upp den Mercury Prize-nominerade debuten fr\u00e5n 2011. <em>One Breath<\/em> spelades in i Paris och redan nu har hon gett ifr\u00e5n sig ett f\u00f6rsta smakprov i form av den nya singeln <em>Eliza<\/em>.<\/p>\n<p><strong>Du kan lyssna p\u00e5 <em>Eliza<\/em> h\u00e4r:<\/strong><\/p>\n<p><iframe loading=\"lazy\" src=\"\/\/www.youtube.com\/embed\/R5QXoKdF3bc\" height=\"315\" width=\"420\" allowfullscreen=\"\" frameborder=\"0\"><\/iframe><\/p>\n","protected":false},"excerpt":{"rendered":"<p>Den sjunde oktober sl\u00e4pper brittiskan Anna Calvi det nya albumet One Breath vilket f\u00f6ljer upp den Mercury Prize-nominerade debuten fr\u00e5n 2011. One Breath spelades in i Paris och redan nu har hon gett ifr\u00e5n sig ett f\u00f6rsta smakprov i form av den nya singeln Eliza. Du kan lyssna p\u00e5 Eliza h\u00e4r:<\/p>\n","protected":false},"author":3,"featured_media":0,"comment_status":"open","ping_status":"open","sticky":false,"template":"","format":"standard","meta":{"_genesis_hide_title":false,"_genesis_hide_breadcrumbs":false,"_genesis_hide_singular_image":false,"_genesis_hide_footer_widgets":false,"_genesis_custom_body_class":"","_genesis_custom_post_class":"","_genesis_layout":"","footnotes":""},"categories":[7],"tags":[305,10222],"class_list":{"0":"post-73996","1":"post","2":"type-post","3":"status-publish","4":"format-standard","6":"category-musik","7":"tag-anna-calvi","8":"tag-eliza","9":"entry"},"_links":{"self":[{"href":"https:\/\/kulturbloggen.com\/index.php?rest_route=\/wp\/v2\/posts\/73996","targetHints":{"allow":["GET"]}}],"collection":[{"href":"https:\/\/kulturbloggen.com\/index.php?rest_route=\/wp\/v2\/posts"}],"about":[{"href":"https:\/\/kulturbloggen.com\/index.php?rest_route=\/wp\/v2\/types\/post"}],"author":[{"embeddable":true,"href":"https:\/\/kulturbloggen.com\/index.php?rest_route=\/wp\/v2\/users\/3"}],"replies":[{"embeddable":true,"href":"https:\/\/kulturbloggen.com\/index.php?rest_route=%2Fwp%2Fv2%2Fcomments&post=73996"}],"version-history":[{"count":1,"href":"https:\/\/kulturbloggen.com\/index.php?rest_route=\/wp\/v2\/posts\/73996\/revisions"}],"predecessor-version":[{"id":73998,"href":"https:\/\/kulturbloggen.com\/index.php?rest_route=\/wp\/v2\/posts\/73996\/revisions\/73998"}],"wp:attachment":[{"href":"https:\/\/kulturbloggen.com\/index.php?rest_route=%2Fwp%2Fv2%2Fmedia&parent=73996"}],"wp:term":[{"taxonomy":"category","embeddable":true,"href":"https:\/\/kulturbloggen.com\/index.php?rest_route=%2Fwp%2Fv2%2Fcategories&post=73996"},{"taxonomy":"post_tag","embeddable":true,"href":"https:\/\/kulturbloggen.com\/index.php?rest_route=%2Fwp%2Fv2%2Ftags&post=73996"}],"curies":[{"name":"wp","href":"https:\/\/api.w.org\/{rel}","templated":true}]}}