{"id":73851,"date":"2013-08-16T13:45:23","date_gmt":"2013-08-16T11:45:23","guid":{"rendered":"http:\/\/kulturbloggen.com\/?p=73851"},"modified":"2013-08-17T17:58:37","modified_gmt":"2013-08-17T15:58:37","slug":"lyssna-parquet-courts-youve-got-me-wondering-now","status":"publish","type":"post","link":"https:\/\/kulturbloggen.com\/?p=73851","title":{"rendered":"Lyssna: Parquet Courts &#8211; You&#8217;ve Got Me Wondering Now"},"content":{"rendered":"<p><a href=\"http:\/\/kulturbloggen.com\/wp-content\/uploads\/2013\/08\/parquet.jpg\"><img loading=\"lazy\" decoding=\"async\" class=\"aligncenter size-medium wp-image-73852\" alt=\"parquet\" src=\"http:\/\/kulturbloggen.com\/wp-content\/uploads\/2013\/08\/parquet-300x200.jpg\" width=\"300\" height=\"200\" srcset=\"https:\/\/kulturbloggen.com\/wp-content\/uploads\/2013\/08\/parquet-300x200.jpg 300w, https:\/\/kulturbloggen.com\/wp-content\/uploads\/2013\/08\/parquet-1024x682.jpg 1024w\" sizes=\"auto, (max-width: 300px) 100vw, 300px\" \/><\/a><\/p>\n<p>Efter spelningar p\u00e5 Primavera, Roskilde och WWDIS Summer Fest &#8211; ja, stort sett varenda europeisk sommarfestival &#8211; \u00e4r New York-kvartetten Parquet Courts p\u00e5 god v\u00e4g att f\u00f6lja upp sitt genombrottsalbum <em>Light Up Gold<\/em>. En nya EP betitlad\u00a0<em>Tally All the Things That You Broke<\/em>\u00a0sl\u00e4pps den 8 oktober, men redan nu delar bandet med sig av en ny l\u00e5t som heter <em>You&#8217;ve Got Me Wondering Now<\/em>.<\/p>\n<p><strong><em>Tally All the Things That You Broke<\/em> kommer att inneh\u00e5lla f\u00f6ljande sp\u00e5r:<\/strong><\/p>\n<p>1. You&#8217;ve Got Me Wonderin&#8217; Now<br \/>\n2. Descend (The Way)<br \/>\n3. The More It Works<br \/>\n4. Fall on Yr Face<br \/>\n5. He&#8217;s Seein&#8217; Paths<\/p>\n<p><strong>Du kan lyssna p\u00e5\u00a0<em>You&#8217;ve Got Me Wondering Now<\/em> h\u00e4r:<\/strong><\/p>\n<p><iframe loading=\"lazy\" src=\"\/\/www.youtube.com\/embed\/MzUMd9O-k3w\" height=\"315\" width=\"420\" allowfullscreen=\"\" frameborder=\"0\"><\/iframe><\/p>\n","protected":false},"excerpt":{"rendered":"<p>Efter spelningar p\u00e5 Primavera, Roskilde och WWDIS Summer Fest &#8211; ja, stort sett varenda europeisk sommarfestival &#8211; \u00e4r New York-kvartetten Parquet Courts p\u00e5 god v\u00e4g att f\u00f6lja upp sitt genombrottsalbum Light Up Gold. En nya EP betitlad\u00a0Tally All the Things That You Broke\u00a0sl\u00e4pps den 8 oktober, men redan nu delar bandet med sig av en [&hellip;]<\/p>\n","protected":false},"author":3,"featured_media":0,"comment_status":"open","ping_status":"open","sticky":false,"template":"","format":"standard","meta":{"_genesis_hide_title":false,"_genesis_hide_breadcrumbs":false,"_genesis_hide_singular_image":false,"_genesis_hide_footer_widgets":false,"_genesis_custom_body_class":"","_genesis_custom_post_class":"","_genesis_layout":"","footnotes":""},"categories":[7],"tags":[9772,10216],"class_list":{"0":"post-73851","1":"post","2":"type-post","3":"status-publish","4":"format-standard","6":"category-musik","7":"tag-parquet-courts","8":"tag-youve-got-me-wondering-now","9":"entry"},"_links":{"self":[{"href":"https:\/\/kulturbloggen.com\/index.php?rest_route=\/wp\/v2\/posts\/73851","targetHints":{"allow":["GET"]}}],"collection":[{"href":"https:\/\/kulturbloggen.com\/index.php?rest_route=\/wp\/v2\/posts"}],"about":[{"href":"https:\/\/kulturbloggen.com\/index.php?rest_route=\/wp\/v2\/types\/post"}],"author":[{"embeddable":true,"href":"https:\/\/kulturbloggen.com\/index.php?rest_route=\/wp\/v2\/users\/3"}],"replies":[{"embeddable":true,"href":"https:\/\/kulturbloggen.com\/index.php?rest_route=%2Fwp%2Fv2%2Fcomments&post=73851"}],"version-history":[{"count":5,"href":"https:\/\/kulturbloggen.com\/index.php?rest_route=\/wp\/v2\/posts\/73851\/revisions"}],"predecessor-version":[{"id":73927,"href":"https:\/\/kulturbloggen.com\/index.php?rest_route=\/wp\/v2\/posts\/73851\/revisions\/73927"}],"wp:attachment":[{"href":"https:\/\/kulturbloggen.com\/index.php?rest_route=%2Fwp%2Fv2%2Fmedia&parent=73851"}],"wp:term":[{"taxonomy":"category","embeddable":true,"href":"https:\/\/kulturbloggen.com\/index.php?rest_route=%2Fwp%2Fv2%2Fcategories&post=73851"},{"taxonomy":"post_tag","embeddable":true,"href":"https:\/\/kulturbloggen.com\/index.php?rest_route=%2Fwp%2Fv2%2Ftags&post=73851"}],"curies":[{"name":"wp","href":"https:\/\/api.w.org\/{rel}","templated":true}]}}