{"id":73805,"date":"2013-08-15T16:20:18","date_gmt":"2013-08-15T14:20:18","guid":{"rendered":"http:\/\/kulturbloggen.com\/?p=73805"},"modified":"2013-08-15T16:20:18","modified_gmt":"2013-08-15T14:20:18","slug":"local-natives-till-stockholm-i-november","status":"publish","type":"post","link":"https:\/\/kulturbloggen.com\/?p=73805","title":{"rendered":"Local Natives till Stockholm i november"},"content":{"rendered":"<p><a href=\"http:\/\/kulturbloggen.com\/wp-content\/uploads\/2013\/08\/local.jpg\"><img loading=\"lazy\" decoding=\"async\" class=\"aligncenter size-medium wp-image-73807\" alt=\"local\" src=\"http:\/\/kulturbloggen.com\/wp-content\/uploads\/2013\/08\/local-300x200.jpg\" width=\"300\" height=\"200\" srcset=\"https:\/\/kulturbloggen.com\/wp-content\/uploads\/2013\/08\/local-300x200.jpg 300w, https:\/\/kulturbloggen.com\/wp-content\/uploads\/2013\/08\/local-1024x685.jpg 1024w\" sizes=\"auto, (max-width: 300px) 100vw, 300px\" \/><\/a><\/p>\n<p>Fick du inte nog av Local Natives p\u00e5 Way Out West? Den 3 november \u00e5terv\u00e4nder Los Angeles-bandet \u00e4nnu en g\u00e5ng till Sverige f\u00f6r en spelning p\u00e5 Berns i Stockholm.\u00a0Bandet, som bildades 2008 och sl\u00e4ppte sin debut <em>Gorilla Manor<\/em> \u00e5ret d\u00e4rp\u00e5, gav tidigare i \u00e5r \u00e4ven ut sin andra full\u00e4ngdare <em>Hummingbird<\/em>.\u00a0Biljetterna sl\u00e4pps den 16 augusti.<\/p>\n<p><iframe loading=\"lazy\" src=\"\/\/www.youtube.com\/embed\/L1dFjloBZYo\" height=\"315\" width=\"560\" allowfullscreen=\"\" frameborder=\"0\"><\/iframe><\/p>\n<p>Foto:\u00a0Linnea Amling<\/p>\n","protected":false},"excerpt":{"rendered":"<p>Fick du inte nog av Local Natives p\u00e5 Way Out West? Den 3 november \u00e5terv\u00e4nder Los Angeles-bandet \u00e4nnu en g\u00e5ng till Sverige f\u00f6r en spelning p\u00e5 Berns i Stockholm.\u00a0Bandet, som bildades 2008 och sl\u00e4ppte sin debut Gorilla Manor \u00e5ret d\u00e4rp\u00e5, gav tidigare i \u00e5r \u00e4ven ut sin andra full\u00e4ngdare Hummingbird.\u00a0Biljetterna sl\u00e4pps den 16 augusti. Foto:\u00a0Linnea [&hellip;]<\/p>\n","protected":false},"author":3,"featured_media":0,"comment_status":"open","ping_status":"open","sticky":false,"template":"","format":"standard","meta":{"_genesis_hide_title":false,"_genesis_hide_breadcrumbs":false,"_genesis_hide_singular_image":false,"_genesis_hide_footer_widgets":false,"_genesis_custom_body_class":"","_genesis_custom_post_class":"","_genesis_layout":"","footnotes":""},"categories":[7],"tags":[601,8816,6353],"class_list":{"0":"post-73805","1":"post","2":"type-post","3":"status-publish","4":"format-standard","6":"category-musik","7":"tag-berns","8":"tag-local-natives","9":"tag-way-out-west","10":"entry"},"_links":{"self":[{"href":"https:\/\/kulturbloggen.com\/index.php?rest_route=\/wp\/v2\/posts\/73805","targetHints":{"allow":["GET"]}}],"collection":[{"href":"https:\/\/kulturbloggen.com\/index.php?rest_route=\/wp\/v2\/posts"}],"about":[{"href":"https:\/\/kulturbloggen.com\/index.php?rest_route=\/wp\/v2\/types\/post"}],"author":[{"embeddable":true,"href":"https:\/\/kulturbloggen.com\/index.php?rest_route=\/wp\/v2\/users\/3"}],"replies":[{"embeddable":true,"href":"https:\/\/kulturbloggen.com\/index.php?rest_route=%2Fwp%2Fv2%2Fcomments&post=73805"}],"version-history":[{"count":1,"href":"https:\/\/kulturbloggen.com\/index.php?rest_route=\/wp\/v2\/posts\/73805\/revisions"}],"predecessor-version":[{"id":73808,"href":"https:\/\/kulturbloggen.com\/index.php?rest_route=\/wp\/v2\/posts\/73805\/revisions\/73808"}],"wp:attachment":[{"href":"https:\/\/kulturbloggen.com\/index.php?rest_route=%2Fwp%2Fv2%2Fmedia&parent=73805"}],"wp:term":[{"taxonomy":"category","embeddable":true,"href":"https:\/\/kulturbloggen.com\/index.php?rest_route=%2Fwp%2Fv2%2Fcategories&post=73805"},{"taxonomy":"post_tag","embeddable":true,"href":"https:\/\/kulturbloggen.com\/index.php?rest_route=%2Fwp%2Fv2%2Ftags&post=73805"}],"curies":[{"name":"wp","href":"https:\/\/api.w.org\/{rel}","templated":true}]}}