{"id":73287,"date":"2013-08-04T10:47:26","date_gmt":"2013-08-04T08:47:26","guid":{"rendered":"http:\/\/kulturbloggen.com\/?p=73287"},"modified":"2013-08-04T11:09:36","modified_gmt":"2013-08-04T09:09:36","slug":"stockholm-music-arts-rodriguez-formedlar-nagot-pa-djupet","status":"publish","type":"post","link":"https:\/\/kulturbloggen.com\/?p=73287","title":{"rendered":"Stockholm Music &#038; Arts: Rodriguez f\u00f6rmedlar n\u00e5got p\u00e5 djupet"},"content":{"rendered":"<p><a href=\"http:\/\/kulturbloggen.com\/wp-content\/uploads\/2013\/08\/rodriguez.jpg\"><img loading=\"lazy\" decoding=\"async\" src=\"http:\/\/kulturbloggen.com\/wp-content\/uploads\/2013\/08\/rodriguez-300x183.jpg\" alt=\"rodriguez\" width=\"300\" height=\"183\" class=\"aligncenter size-medium wp-image-73288\" srcset=\"https:\/\/kulturbloggen.com\/wp-content\/uploads\/2013\/08\/rodriguez-300x183.jpg 300w, https:\/\/kulturbloggen.com\/wp-content\/uploads\/2013\/08\/rodriguez-1024x626.jpg 1024w\" sizes=\"auto, (max-width: 300px) 100vw, 300px\" \/><\/a><\/p>\n<p><strong>Rodriguez<\/strong><br \/>\n<em>Stockholm Music &#038; Arts 3 augusti 2013<\/em><br \/>\nBetyg: 3<\/p>\n<p>Publiken var enormt peppad. Luften vibreade av v\u00e4lkomnande n\u00e4r Rodriguez leddes in p\u00e5 scen p\u00e5 grund av sin d\u00e5liga syn. Konserten som toppade l\u00f6rdagskv\u00e4llen p\u00e5 Stockholm Music &#038; Arts var mer \u00e4n en konsert, det var en slags hyllning till en m\u00e4nniska som fascinerar en hel v\u00e4rld. Det \u00e4r inte ofta en stockholmsk publik f\u00e5r v\u00e4lkomna en v\u00e4rldsk\u00e4nd musiker som inte varit h\u00e4r tidigare. Sixto Rodriguez, huvudpersson i den Oscarsbel\u00f6nade dokument\u00e4ren &#8221;Searching for Sugar Man&#8221; har bara spelat i Sverige en g\u00e5ng tidigare, det var f\u00f6rra \u00e5ret p\u00e5 G\u00f6teborgsfestivalen Way Out West, samma dag som filmen hade premi\u00e4r. D\u00e5 var inte publiken alls lika insatt och han drog inte alls lika stor publik som nu.<\/p>\n<p>F\u00f6rv\u00e4ntningarna h\u00f6ga och jag tror att de flesta ocks\u00e5 gick hem n\u00f6jda. Han satt d\u00e4r p\u00e5 en stol med en m\u00f6rk hatt l\u00e5ngt neddragen f\u00f6r ansiktet och hans speciella st\u00e4mma som f\u00e5ngat sin publik via filmen l\u00e4t precis som vi l\u00e4rt oss att \u00e4lska den via filmen. Det \u00e4r sant att r\u00f6sten inte riktigt r\u00e4ckte f\u00f6r att prestera sk\u00f6ns\u00e5ng hela konserten igenom, men det gjorde liksom inget. Ingen var d\u00e4r f\u00f6r att han skulle vara en av v\u00e4rldens b\u00e4sta s\u00e5ngare. Det han f\u00f6rmedlar \u00e4n n\u00e5got helt annat. Rodriguez f\u00f6rmedlar n\u00e5got p\u00e5 djupet. <\/p>\n<p><a href=\"http:\/\/www.dn.se\/kultur-noje\/konsertrecensioner\/en-skugga-av-sitt-lysande-jag\/\">Mattias Dahlstr\u00f6m som recenserar konserten f\u00f6r DN<\/a> var d\u00e4remot missn\u00f6jd och menar att Rodriguez \u00e4r en skugga av sitt forna jag. Det \u00e4r sant att \u00e5ldern satt rej\u00e4la sp\u00e5r i Rodriguez, han ser d\u00e5ligt och beh\u00f6vde hj\u00e4lpa av gitarristen f\u00f6r att hitta ackorden och han g\u00e5r skruttigt och r\u00f6sten r\u00e4ckte inte hela konserten. Det \u00e4r sant. Han \u00e4r 71 \u00e5r, vilket inte beh\u00f6ver vara s\u00e5 gammalt men att jobba h\u00e5rt med kroppen p\u00e5 byggen s\u00e4tter sina sp\u00e5r, helt klart. Det fascinerande \u00e4r att en man som f\u00e5tt f\u00f6rs\u00f6rja sig med h\u00e5rt kroppsarbete \u00e4nd\u00e5 f\u00e5r chansen att spela s\u00e5nger som ber\u00e4ttar n\u00e5got om livet, att han f\u00e5r och kan g\u00f6ra det trots att han inte \u00e4r ung och pigg. <\/p>\n<p>Han \u00f6verraskade med att i de f\u00f6rsta tv\u00e5 l\u00e5tarna dra ig\u00e5ng riktigt bluesigt \u00f6s som f\u00f6r min del av en av konsertens st\u00f6rsta beh\u00e5llningar. Full fart och mot det psykedeliska. I filmen har mer hans singer\/songwriter-sida lyfts fram.<\/p>\n<p>N\u00e5gra i publiken som stod n\u00e4ra mig diskuterade kring likheterna mellan Rodriguez och Bob Dylan. De enades om att de f\u00f6redrog Rodriguez, f\u00f6r han k\u00e4ndes mer \u00e4kta. Jag tycker var och en av dem st\u00e5r f\u00f6r sig, de har sina likheter med ocks\u00e5 stora olikheter. Jag kan dock t\u00e4nka mig att Rodriguez mer vinner sin publiks hj\u00e4rta, han babblar inte s\u00e5 mycket men \u00e4r \u00e4nd\u00e5 v\u00e4nlig mot sin publik och predikar lite om livet, som n\u00e4r han s\u00e4ger att &#8221;hat \u00e4r en alldeles f\u00f6r stark k\u00e4nsla f\u00f6r att sl\u00f6sa p\u00e5 m\u00e4nniskor du inte gillar&#8221;. Emellan\u00e5t drar han ocks\u00e5 n\u00e5gon rolig historia som om tv\u00e5 kannibaler som \u00e5t en clown. &#8221;Fick du ocks\u00e5 en lustig k\u00e4nsla, sade den ene kannibalen efter\u00e5t&#8221;.<\/p>\n<p>Allra lyckligast var nog publiken n\u00e4r han spelade &#8221;Crucify Your Mind&#8221;, &#8221;I Wonder&#8221; och &#8221;Sugarman&#8221; &#8211; d\u00e5 sj\u00f6ng de flesta med, h\u00f6gt och ljudligt. Det m\u00e4rktes att publiken \u00e4lskade Rodriguez, som v\u00e4nligt och artigt efter\u00e5t \u00f6dmjukt tackade f\u00f6r att han fick komma.<\/p>\n<p><strong>Foto: Emma Andersson<\/strong><\/p>\n<p><a href=\"http:\/\/kulturbloggen.com\/wp-content\/uploads\/2013\/08\/rodriguez2.jpg\"><img loading=\"lazy\" decoding=\"async\" src=\"http:\/\/kulturbloggen.com\/wp-content\/uploads\/2013\/08\/rodriguez2-300x183.jpg\" alt=\"rodriguez2\" width=\"300\" height=\"183\" class=\"aligncenter size-medium wp-image-73289\" srcset=\"https:\/\/kulturbloggen.com\/wp-content\/uploads\/2013\/08\/rodriguez2-300x183.jpg 300w, https:\/\/kulturbloggen.com\/wp-content\/uploads\/2013\/08\/rodriguez2-1024x624.jpg 1024w\" sizes=\"auto, (max-width: 300px) 100vw, 300px\" \/><\/a><\/p>\n<p><iframe loading=\"lazy\" width=\"420\" height=\"315\" src=\"\/\/www.youtube.com\/embed\/XAZWF1lMLs8\" frameborder=\"0\" allowfullscreen><\/iframe><\/p>\n","protected":false},"excerpt":{"rendered":"<p>Rodriguez Stockholm Music &#038; Arts 3 augusti 2013 Betyg: 3 Publiken var enormt peppad. Luften vibreade av v\u00e4lkomnande n\u00e4r Rodriguez leddes in p\u00e5 scen p\u00e5 grund av sin d\u00e5liga syn. Konserten som toppade l\u00f6rdagskv\u00e4llen p\u00e5 Stockholm Music &#038; Arts var mer \u00e4n en konsert, det var en slags hyllning till en m\u00e4nniska som fascinerar en [&hellip;]<\/p>\n","protected":false},"author":2,"featured_media":0,"comment_status":"open","ping_status":"open","sticky":false,"template":"","format":"standard","meta":{"_genesis_hide_title":false,"_genesis_hide_breadcrumbs":false,"_genesis_hide_singular_image":false,"_genesis_hide_footer_widgets":false,"_genesis_custom_body_class":"","_genesis_custom_post_class":"","_genesis_layout":"","footnotes":""},"categories":[7,16],"tags":[3844,7631],"class_list":{"0":"post-73287","1":"post","2":"type-post","3":"status-publish","4":"format-standard","6":"category-musik","7":"category-recension","8":"tag-musikfestival","9":"tag-stockholm-music-arts","10":"entry"},"_links":{"self":[{"href":"https:\/\/kulturbloggen.com\/index.php?rest_route=\/wp\/v2\/posts\/73287","targetHints":{"allow":["GET"]}}],"collection":[{"href":"https:\/\/kulturbloggen.com\/index.php?rest_route=\/wp\/v2\/posts"}],"about":[{"href":"https:\/\/kulturbloggen.com\/index.php?rest_route=\/wp\/v2\/types\/post"}],"author":[{"embeddable":true,"href":"https:\/\/kulturbloggen.com\/index.php?rest_route=\/wp\/v2\/users\/2"}],"replies":[{"embeddable":true,"href":"https:\/\/kulturbloggen.com\/index.php?rest_route=%2Fwp%2Fv2%2Fcomments&post=73287"}],"version-history":[{"count":12,"href":"https:\/\/kulturbloggen.com\/index.php?rest_route=\/wp\/v2\/posts\/73287\/revisions"}],"predecessor-version":[{"id":73301,"href":"https:\/\/kulturbloggen.com\/index.php?rest_route=\/wp\/v2\/posts\/73287\/revisions\/73301"}],"wp:attachment":[{"href":"https:\/\/kulturbloggen.com\/index.php?rest_route=%2Fwp%2Fv2%2Fmedia&parent=73287"}],"wp:term":[{"taxonomy":"category","embeddable":true,"href":"https:\/\/kulturbloggen.com\/index.php?rest_route=%2Fwp%2Fv2%2Fcategories&post=73287"},{"taxonomy":"post_tag","embeddable":true,"href":"https:\/\/kulturbloggen.com\/index.php?rest_route=%2Fwp%2Fv2%2Ftags&post=73287"}],"curies":[{"name":"wp","href":"https:\/\/api.w.org\/{rel}","templated":true}]}}