{"id":7317,"date":"2009-02-23T08:43:42","date_gmt":"2009-02-23T07:43:42","guid":{"rendered":"http:\/\/kulturbloggen.com\/?p=7317"},"modified":"2009-02-23T08:43:42","modified_gmt":"2009-02-23T07:43:42","slug":"spoken-word-pa-underbara-bar","status":"publish","type":"post","link":"https:\/\/kulturbloggen.com\/?p=7317","title":{"rendered":"Spoken word p\u00e5 Underbara bar"},"content":{"rendered":"<p><img loading=\"lazy\" decoding=\"async\" src=\"http:\/\/sodergren.com\/kulturbloggen\/wp-content\/uploads\/2009\/02\/spokenworld290.jpg\" alt=\"spokenworld290\" title=\"spokenworld290\" width=\"290\" height=\"200\" class=\"alignnone size-full wp-image-7318\" \/><br \/>\n<a href=\"http:\/\/www.spokenword.se\">Spoken word<\/a> \u00e4r ett event som drar fulla hus p\u00e5 Underbara bar p\u00e5 S\u00f6dermalm i Stockholm en g\u00e5ng i m\u00e5naden. Det p\u00e5minner om stand-up, men utan de l\u00e4ttk\u00f6pta sk\u00e4mten och kraven p\u00e5 publikskratt, och de flesta numren \u00e4r h\u00e4lsosamt korta. Det h\u00e4r \u00e4r enkelt och kul, i alla fall f\u00f6r publiken.<br \/>\n<!--more--><br \/>\nSt\u00e4mningen k\u00e4ndes stimmig och f\u00f6rv\u00e4ntansfull inf\u00f6r Spoken words 7:e show sedan starten h\u00f6sten 2008. Det bj\u00f6ds p\u00e5 fyra framf\u00f6randen, tre l\u00e5tar, och s\u00e5 tre spoken word-nummer till. De medverkande var Kung Henry, Birgitta Granberg, Alex Bengtsson, Henrik Elmer, som var nykomling, Marcus Priftis, Isak Jansson och Maggan Hammar. Konferencier var Sascha Abdelnabi.<\/p>\n<p>Underbara bar \u00e4r restaurang och bar i en ombyggd f\u00f6re detta teater och \u00e4r perfekt att tina upp i efter iskall februaritorsdag. Man kan boka bord och sitta i restaurangdelen d\u00e4r ytterborden har utsikt mot scen, st\u00e5 i baren, eller bara h\u00e4nga runt, men man m\u00e5ste komma dit innan det blir fullt. Sen st\u00e4nger insl\u00e4ppet och det drar pl\u00f6tsligt ig\u00e5ng: En person p\u00e5 scen, korta nummer, olika stil.<\/p>\n<p>D\u00e4r jag stod p\u00e5 balkongen verkade de flesta i publiken se showen f\u00f6r f\u00f6rsta g\u00e5ngen &#8211; och de reagerade som jag gjorde n\u00e4r jag s\u00e5g spoken word #2 i h\u00f6stas: Med ov\u00e4ntade anslag, alltmer aktivt lyssnande och m\u00e5nga skratt.     <\/p>\n<p>Spoken word = poesi eller bara prat?<\/p>\n<p>Det l\u00e5ter kanske l\u00e5ngs\u00f6kt att f\u00e5 folk att g\u00e5 ner i en k\u00e4llare f\u00f6r att h\u00f6ra n\u00e5gon st\u00e5 ensam och prata p\u00e5 scen, n\u00e4r det nu tjattras, rapporteras, tjatas, tjoas och kommenteras kring allt mellan himmel och jord i radio-, tv- och internetkanaler dygnet runt. Formen f\u00f6r spoken word \u00e4r basic, men fortfarande det sv\u00e5raste som finns: Att p\u00e5 kort tid och live, med bara sig sj\u00e4lv som verktyg kunna f\u00e5nga andras intresse.<\/p>\n<p>Vad skulle du sj\u00e4lv v\u00e4lja att ber\u00e4tta om du hade 5 minuter p\u00e5 scen? Skulle du f\u00f6rs\u00f6ka provocera, ber\u00e4tta sanningen, ljuga ihop n\u00e5t, skvallra eller flirta som en galning med publiken? Sj\u00e4lv \u00e4r jag glad att jag slipper.   <\/p>\n<p>Live \u00e4r live<\/p>\n<p>Det \u00e4r en konst att f\u00e5 en puliken med sig och det som g\u00e5r hem hos en publik funkar inte p\u00e5 n\u00e4sta, men det \u00e4r lite av spoken words attityd, det \u00e4r h\u00e4r och nu som g\u00e4ller, och det \u00e4r texter eller tolkningar i personlig tappning och det blir i alla fall n\u00e5got unikt. \u00c4ven om det liknar stand-up s\u00e5 handlar det inte om att bara vara s\u00e5 rolig och fyndig som m\u00f6jligt. Det \u00e4r det personliga tilltalet och mixen som g\u00f6r det kul. Det k\u00e4nns bra att inte p\u00e5 f\u00f6rhand veta om det kommer n\u00e5got vackert, ov\u00e4ntat, klokt, fyndigt, roligt eller en psykotiskt livsber\u00e4ttelse i 190.<\/p>\n<p>En del av deltagarna anv\u00e4nder en speciell sesam-\u00f6ppna-dig-knapp, som mot v\u00e5r vilja sl\u00e4pper in oss i n\u00e5n \u00e4cklig liten h\u00e5la, n\u00e5gonstans i Sverige, en sm\u00e5stadstillvaro som pr\u00e4glat m\u00e5nga i flykten mot storstaden. Man kan g\u00f6ra en poetisk l\u00e5ngfilm om det, eller hitta orden eller uttrycken som beskriver k\u00e4nslan p\u00e5 en minut.<\/p>\n<p>Olika medier och uttryck konkurrerar egentligen inte, utan passar vid olika tillf\u00e4llen. Det talade ordet \u00e4r precis lika viktigt som det alltid varit. P\u00e5 Spoken word \u00e4r troligen \u00e4r \u00e4mnet fritt, men tiden begr\u00e4nsad. F\u00e5ngar du inte intresset direkt forts\u00e4tter folk prata med varandra ist\u00e4llet. Lite fl\u00e5sigt kan det ju bli ibland n\u00e4r artisten knappt v\u00e5gar andas. Men sen \u00e4r det klapp-klapp och n\u00e4sta nummer.<\/p>\n<p><strong> Text: Eva<\/strong><\/p>\n<p>&#8212;&#8212;&#8212;&#8212;&#8212;&#8212;&#8212;&#8212;&#8212;&#8212;&#8212;&#8212;&#8212;&#8212;&#8211;<\/p>\n<p> Plats:<\/p>\n<p>Underbara bar \u00e4r en gammal teater, ombyggd till myspysresturang och bar d\u00e4r Spoken word huserar en g\u00e5ng i m\u00e5naden. Vill man sitta och se rekommenderas att boka bord, annars g\u00e5r det bra att bara h\u00e4nga runt.<\/p>\n<p>Biljettpris: Var vid tillf\u00e4llet 30 kronor och garderob 20 kronor.<\/p>\n<p>Facebookgrupp:<\/p>\n<p>Eventets sida p\u00e5 Facebook: <a href=\"http:\/\/www.facebook.com\/event.php?eid=47272324706\">http:\/\/www.facebook.com\/event.php?eid=47272324706<\/a><\/p>\n<p><a href=\"http:\/\/spokenword.se\">Webbplats f\u00f6r Spoken Word: http:\/\/spokenword.se<\/a>  <\/p>\n<p><a href=\"http:\/\/www.youtube.com\/spokenwordsweden\">Filmer du helst inte ska titta p\u00e5 f\u00f6rr\u00e4n efter att du sett showen live<\/a><br \/>\nhttp:\/\/www.youtube.com\/spokenwordsweden   <\/p>\n<p>Boka bord p\u00e5 www.baras.se eller ring 08-6695855<\/p>\n<p>Kommande datum v\u00e5ren 2009, torsdagar kl 20<\/p>\n<p>12 mars, 2 april, 16 april, 7 maj<\/p>\n<p><img loading=\"lazy\" decoding=\"async\" src=\"http:\/\/sodergren.com\/kulturbloggen\/wp-content\/uploads\/2009\/02\/spokenworld600-300x100.jpg\" alt=\"spokenworld600\" title=\"spokenworld600\" width=\"300\" height=\"100\" class=\"alignnone size-medium wp-image-7319\" \/><\/p>\n","protected":false},"excerpt":{"rendered":"<p>Spoken word \u00e4r ett event som drar fulla hus p\u00e5 Underbara bar p\u00e5 S\u00f6dermalm i Stockholm en g\u00e5ng i m\u00e5naden. Det p\u00e5minner om stand-up, men utan de l\u00e4ttk\u00f6pta sk\u00e4mten och kraven p\u00e5 publikskratt, och de flesta numren \u00e4r h\u00e4lsosamt korta. Det h\u00e4r \u00e4r enkelt och kul, i alla fall f\u00f6r publiken.<\/p>\n","protected":false},"author":13,"featured_media":0,"comment_status":"open","ping_status":"open","sticky":false,"template":"","format":"standard","meta":{"_genesis_hide_title":false,"_genesis_hide_breadcrumbs":false,"_genesis_hide_singular_image":false,"_genesis_hide_footer_widgets":false,"_genesis_custom_body_class":"","_genesis_custom_post_class":"","_genesis_layout":"","footnotes":""},"categories":[20,30],"tags":[2984,4199,12286,12288],"class_list":{"0":"post-7317","1":"post","2":"type-post","3":"status-publish","4":"format-standard","6":"category-film","7":"category-teater","8":"tag-komedi","9":"tag-ord","10":"tag-film","11":"tag-teater","12":"entry"},"_links":{"self":[{"href":"https:\/\/kulturbloggen.com\/index.php?rest_route=\/wp\/v2\/posts\/7317","targetHints":{"allow":["GET"]}}],"collection":[{"href":"https:\/\/kulturbloggen.com\/index.php?rest_route=\/wp\/v2\/posts"}],"about":[{"href":"https:\/\/kulturbloggen.com\/index.php?rest_route=\/wp\/v2\/types\/post"}],"author":[{"embeddable":true,"href":"https:\/\/kulturbloggen.com\/index.php?rest_route=\/wp\/v2\/users\/13"}],"replies":[{"embeddable":true,"href":"https:\/\/kulturbloggen.com\/index.php?rest_route=%2Fwp%2Fv2%2Fcomments&post=7317"}],"version-history":[{"count":0,"href":"https:\/\/kulturbloggen.com\/index.php?rest_route=\/wp\/v2\/posts\/7317\/revisions"}],"wp:attachment":[{"href":"https:\/\/kulturbloggen.com\/index.php?rest_route=%2Fwp%2Fv2%2Fmedia&parent=7317"}],"wp:term":[{"taxonomy":"category","embeddable":true,"href":"https:\/\/kulturbloggen.com\/index.php?rest_route=%2Fwp%2Fv2%2Fcategories&post=7317"},{"taxonomy":"post_tag","embeddable":true,"href":"https:\/\/kulturbloggen.com\/index.php?rest_route=%2Fwp%2Fv2%2Ftags&post=7317"}],"curies":[{"name":"wp","href":"https:\/\/api.w.org\/{rel}","templated":true}]}}