{"id":72868,"date":"2013-07-19T10:55:57","date_gmt":"2013-07-19T08:55:57","guid":{"rendered":"http:\/\/kulturbloggen.com\/?p=72868"},"modified":"2013-07-19T10:55:57","modified_gmt":"2013-07-19T08:55:57","slug":"stockholm-pride-satsar-stort-pa-invigningsfesten-med-rikard-wolff-zacharias-blad-janet-leon-amanda-jenssen-house-of-wallenberg-med-flera","status":"publish","type":"post","link":"https:\/\/kulturbloggen.com\/?p=72868","title":{"rendered":"Stockholm Pride satsar stort p\u00e5 invigningsfesten med Rikard Wolff, Zacharias Blad, Janet Leon, Amanda Jenssen, House of Wallenberg med flera"},"content":{"rendered":"<p><a href=\"http:\/\/kulturbloggen.com\/wp-content\/uploads\/2013\/07\/rikardwolff.jpg\"><img loading=\"lazy\" decoding=\"async\" src=\"http:\/\/kulturbloggen.com\/wp-content\/uploads\/2013\/07\/rikardwolff-300x199.jpg\" alt=\"rikardwolff\" width=\"300\" height=\"199\" class=\"aligncenter size-medium wp-image-72869\" srcset=\"https:\/\/kulturbloggen.com\/wp-content\/uploads\/2013\/07\/rikardwolff-300x199.jpg 300w, https:\/\/kulturbloggen.com\/wp-content\/uploads\/2013\/07\/rikardwolff.jpg 454w\" sizes=\"auto, (max-width: 300px) 100vw, 300px\" \/><\/a><\/p>\n<p>Onsdagen den 31 juli invigs Stockholm Pride festival 2013. Festivalens pressavdelning menar att det satsas med \u00e4n vanligt och skriver i ett pressmeddelande att invigningen sker med pompa och st\u00e5t som aldrig f\u00f6rr! <\/p>\n<p>H\u00e4r \u00e4r pressmeddelandet:<br \/>\nDet blir tv\u00e5 timmar gala kantad med humor och musik,invigningstalarna Alexander Bard och Birgitta Stenberg och garanterat \u00f6verraskningar fr\u00e5n ALLA h\u00e5ll.<\/p>\n<p>Stockholm Pride presenterar stolt Rikard Wolff under invigningskv\u00e4llen. Hans nya album \u201dF\u00f6rsta l\u00e5gan\u201d kommer den 21 augusti d\u00e4r han samlat ett fantastiskt g\u00e4ng med l\u00e5tskrivare s\u00e5som Anna Ternheim, Tomas Andersson Wij, Andreas Mattsson, Lisa Ekdahl och Danny Saucedo.  <\/p>\n<p>&#8221;Det \u00e4r tio \u00e5r sen jag gjorde en platta med nyskrivet material senast. Gay\u00e4rlden har f\u00f6r\u00e4ndrats. Jag har f\u00f6r\u00e4ndrats. Med nya l\u00e5tskrivare har \u2018F\u00f6rsta l\u00e5gan\u2019 blivit en personlig platta om livet som b\u00f6g i Stockholm 2010-talet. Vardagens realiteter m\u00f6ter minnet av Tantolunden innan stormen kom, m\u00f6ter den st\u00e4ndigt n\u00e4rvarande dr\u00f6mmen om miraklet. Det \u00e4r ett album om den l\u00e4ngtans eld som brinner lika starkt idag som f\u00f6rsta l\u00e5gan en g\u00e5ng gjorde\u201d s\u00e4ger Rikard<\/p>\n<p>Vi f\u00e5r \u00e4ven se Zacharias Blad p\u00e5 scenenframf\u00f6ra sin youtube-hit \u201dJag \u00e4r gay\u201d, en hyllad f\u00f6rsta singel av bland andra Jan Gradvall som redan f\u00f6rutsp\u00e5tt n\u00e5got stort f\u00f6r debutanten Zacharias som sl\u00e4pper sitt f\u00f6rsta album i september.<br \/>\n&#8221;Jag ansluter i kampen om alla m\u00e4nniskors r\u00e4tt till lika v\u00e4rde och spelar p\u00e5 Pride. Vi \u00e4r som vi \u00e4r, vi \u00e4r gay&#8221; s\u00e4ger Zacharias.<\/p>\n<p>\u201dSean-Magnus \u00e4lskar man\u201d \u00e4r det f\u00e5 som undg\u00e5tt, succ\u00e9f\u00f6rest\u00e4llningen fr\u00e5n Sean-Magnus som b\u00f6rjade i en k\u00e4llarlokal p\u00e5 S\u00f6dermalm och slutade med Sverigeturn\u00e9. L\u00f6rdagen den 3 augusti visas deras uppf\u00f6ljare \u201dSean-Magnus kommer igen\u201d p\u00e5 SVT och godbitarna ur den f\u00f6rst\u00e4llningen bjuder de s\u00e5klart Stockholm Prides publik p\u00e5 under invigningskv\u00e4llen.<\/p>\n<p>&#8221;Det blir en intensiv Pride vecka f\u00f6r oss. Vi firar att Sean-Magnus nu fyllt 4 \u00e5r genom att dyka upp i Pride parken b\u00e5de p\u00e5 onsdagen och l\u00f6rdagen och genom att SVT1 s\u00e4nder 1 timme av v\u00e5r nya show &#8221;Sean-Magnus Kommer Igen&#8221; l\u00f6rdagen den 3 augusti\u201d s\u00e4ger Magnus Skogsberg.<\/p>\n<p><a href=\"http:\/\/kulturbloggen.com\/wp-content\/uploads\/2013\/07\/janetleon.jpg\"><img loading=\"lazy\" decoding=\"async\" src=\"http:\/\/kulturbloggen.com\/wp-content\/uploads\/2013\/07\/janetleon-300x300.jpg\" alt=\"janetleon\" width=\"300\" height=\"300\" class=\"alignright size-medium wp-image-72870\" srcset=\"https:\/\/kulturbloggen.com\/wp-content\/uploads\/2013\/07\/janetleon-300x300.jpg 300w, https:\/\/kulturbloggen.com\/wp-content\/uploads\/2013\/07\/janetleon-150x150.jpg 150w, https:\/\/kulturbloggen.com\/wp-content\/uploads\/2013\/07\/janetleon.jpg 341w\" sizes=\"auto, (max-width: 300px) 100vw, 300px\" \/><\/a>Vad vore en invigningsgala utan \u00e5rets Prideartist Janet Leon?! Sj\u00e4lvklart kommer Janet med sina dansare och framf\u00f6r \u00e5rets Pridel\u00e5t \u201dNew Colours\u201d som blivit en stor succ\u00e9 under v\u00e5ren och \u00e4ven legat p\u00e5 Svensktoppen nu i sommar!<\/p>\n<p>Med p\u00e5 programmet finns ocks\u00e5 REA-g\u00e4nget med humorinslag, House of Wallenberg framf\u00f6r en ny l\u00e5t och f\u00f6rutom invigningstalarna blir det \u00e4ven tal av Peter Rimsby, Stockholm Prides styrelseordf\u00f6rande. Hela spektaklet avslutas med utlovad alls\u00e5ng, Pride Park kommer att lyfta!<\/p>\n<p>Kv\u00e4llen avslutas med en l\u00e4ngre konsert med Amanda Jenssen, en av Sveriges hetaste coola s\u00e5ngerskor. Och innan Pride Park st\u00e4nger f\u00f6r dagen st\u00e5r DJ House of Wallenberg f\u00f6r sk\u00f6n MumsMums-disco i sommarnatten.<\/p>\n","protected":false},"excerpt":{"rendered":"<p>Onsdagen den 31 juli invigs Stockholm Pride festival 2013. Festivalens pressavdelning menar att det satsas med \u00e4n vanligt och skriver i ett pressmeddelande att invigningen sker med pompa och st\u00e5t som aldrig f\u00f6rr! H\u00e4r \u00e4r pressmeddelandet: Det blir tv\u00e5 timmar gala kantad med humor och musik,invigningstalarna Alexander Bard och Birgitta Stenberg och garanterat \u00f6verraskningar fr\u00e5n [&hellip;]<\/p>\n","protected":false},"author":13,"featured_media":0,"comment_status":"open","ping_status":"open","sticky":false,"template":"","format":"standard","meta":{"_genesis_hide_title":false,"_genesis_hide_breadcrumbs":false,"_genesis_hide_singular_image":false,"_genesis_hide_footer_widgets":false,"_genesis_custom_body_class":"","_genesis_custom_post_class":"","_genesis_layout":"","footnotes":""},"categories":[62,7],"tags":[2225,2301,4752,5408],"class_list":{"0":"post-72868","1":"post","2":"type-post","3":"status-publish","4":"format-standard","6":"category-medie-och-kulturpolitik","7":"category-musik","8":"tag-hbt","9":"tag-homo","10":"tag-rikard-wolff","11":"tag-stockholm-pride","12":"entry"},"_links":{"self":[{"href":"https:\/\/kulturbloggen.com\/index.php?rest_route=\/wp\/v2\/posts\/72868","targetHints":{"allow":["GET"]}}],"collection":[{"href":"https:\/\/kulturbloggen.com\/index.php?rest_route=\/wp\/v2\/posts"}],"about":[{"href":"https:\/\/kulturbloggen.com\/index.php?rest_route=\/wp\/v2\/types\/post"}],"author":[{"embeddable":true,"href":"https:\/\/kulturbloggen.com\/index.php?rest_route=\/wp\/v2\/users\/13"}],"replies":[{"embeddable":true,"href":"https:\/\/kulturbloggen.com\/index.php?rest_route=%2Fwp%2Fv2%2Fcomments&post=72868"}],"version-history":[{"count":1,"href":"https:\/\/kulturbloggen.com\/index.php?rest_route=\/wp\/v2\/posts\/72868\/revisions"}],"predecessor-version":[{"id":72871,"href":"https:\/\/kulturbloggen.com\/index.php?rest_route=\/wp\/v2\/posts\/72868\/revisions\/72871"}],"wp:attachment":[{"href":"https:\/\/kulturbloggen.com\/index.php?rest_route=%2Fwp%2Fv2%2Fmedia&parent=72868"}],"wp:term":[{"taxonomy":"category","embeddable":true,"href":"https:\/\/kulturbloggen.com\/index.php?rest_route=%2Fwp%2Fv2%2Fcategories&post=72868"},{"taxonomy":"post_tag","embeddable":true,"href":"https:\/\/kulturbloggen.com\/index.php?rest_route=%2Fwp%2Fv2%2Ftags&post=72868"}],"curies":[{"name":"wp","href":"https:\/\/api.w.org\/{rel}","templated":true}]}}