{"id":72851,"date":"2013-07-18T15:38:47","date_gmt":"2013-07-18T13:38:47","guid":{"rendered":"http:\/\/kulturbloggen.com\/?p=72851"},"modified":"2013-07-19T02:33:12","modified_gmt":"2013-07-19T00:33:12","slug":"lyssna-friends-the-way","status":"publish","type":"post","link":"https:\/\/kulturbloggen.com\/?p=72851","title":{"rendered":"Lyssna: Friends &#8211; The Way"},"content":{"rendered":"<p><a href=\"http:\/\/kulturbloggen.com\/wp-content\/uploads\/2013\/07\/friends.jpg\"><img loading=\"lazy\" decoding=\"async\" class=\"aligncenter size-medium wp-image-72852\" alt=\"friends\" src=\"http:\/\/kulturbloggen.com\/wp-content\/uploads\/2013\/07\/friends-300x297.jpg\" width=\"300\" height=\"297\" srcset=\"https:\/\/kulturbloggen.com\/wp-content\/uploads\/2013\/07\/friends-300x297.jpg 300w, https:\/\/kulturbloggen.com\/wp-content\/uploads\/2013\/07\/friends-150x150.jpg 150w, https:\/\/kulturbloggen.com\/wp-content\/uploads\/2013\/07\/friends.jpg 600w\" sizes=\"auto, (max-width: 300px) 100vw, 300px\" \/><\/a><\/p>\n<p>F\u00f6rra \u00e5ret gav Brooklyn-bandet Friends ut sitt debutalbum <em>Manifest<\/em>\u00a0&#8211; med ny bandupps\u00e4ttning st\u00e5r de nu f\u00f6r n\u00e5got av en chock\u00e5terkomst med nya l\u00e5ten\u00a0<em>The Way<\/em> som snarare osar powerballad \u00e4n den discofunk som pr\u00e4glade albumdebuten. Bandet, fortfarande med den karismatiske s\u00e5ngerskan Samantha Urbani i spetsen, \u00e5teruppfinner sig sj\u00e4lva och vrider upp f\u00f6rv\u00e4ntningarna p\u00e5 album nummer tv\u00e5 till max.<\/p>\n<p><strong>Du kan lyssna p\u00e5 <em>The Way<\/em> h\u00e4r:<\/strong><\/p>\n<p><iframe loading=\"lazy\" src=\"https:\/\/w.soundcloud.com\/player\/?url=http%3A%2F%2Fapi.soundcloud.com%2Ftracks%2F101475077&amp;secret_token=s-QcRfI\" height=\"166\" width=\"100%\" frameborder=\"no\" scrolling=\"no\"><\/iframe><\/p>\n","protected":false},"excerpt":{"rendered":"<p>F\u00f6rra \u00e5ret gav Brooklyn-bandet Friends ut sitt debutalbum Manifest\u00a0&#8211; med ny bandupps\u00e4ttning st\u00e5r de nu f\u00f6r n\u00e5got av en chock\u00e5terkomst med nya l\u00e5ten\u00a0The Way som snarare osar powerballad \u00e4n den discofunk som pr\u00e4glade albumdebuten. Bandet, fortfarande med den karismatiske s\u00e5ngerskan Samantha Urbani i spetsen, \u00e5teruppfinner sig sj\u00e4lva och vrider upp f\u00f6rv\u00e4ntningarna p\u00e5 album nummer tv\u00e5 [&hellip;]<\/p>\n","protected":false},"author":3,"featured_media":0,"comment_status":"open","ping_status":"open","sticky":false,"template":"","format":"standard","meta":{"_genesis_hide_title":false,"_genesis_hide_breadcrumbs":false,"_genesis_hide_singular_image":false,"_genesis_hide_footer_widgets":false,"_genesis_custom_body_class":"","_genesis_custom_post_class":"","_genesis_layout":"","footnotes":""},"categories":[7],"tags":[7902,10156],"class_list":{"0":"post-72851","1":"post","2":"type-post","3":"status-publish","4":"format-standard","6":"category-musik","7":"tag-friends","8":"tag-the-way","9":"entry"},"_links":{"self":[{"href":"https:\/\/kulturbloggen.com\/index.php?rest_route=\/wp\/v2\/posts\/72851","targetHints":{"allow":["GET"]}}],"collection":[{"href":"https:\/\/kulturbloggen.com\/index.php?rest_route=\/wp\/v2\/posts"}],"about":[{"href":"https:\/\/kulturbloggen.com\/index.php?rest_route=\/wp\/v2\/types\/post"}],"author":[{"embeddable":true,"href":"https:\/\/kulturbloggen.com\/index.php?rest_route=\/wp\/v2\/users\/3"}],"replies":[{"embeddable":true,"href":"https:\/\/kulturbloggen.com\/index.php?rest_route=%2Fwp%2Fv2%2Fcomments&post=72851"}],"version-history":[{"count":3,"href":"https:\/\/kulturbloggen.com\/index.php?rest_route=\/wp\/v2\/posts\/72851\/revisions"}],"predecessor-version":[{"id":72854,"href":"https:\/\/kulturbloggen.com\/index.php?rest_route=\/wp\/v2\/posts\/72851\/revisions\/72854"}],"wp:attachment":[{"href":"https:\/\/kulturbloggen.com\/index.php?rest_route=%2Fwp%2Fv2%2Fmedia&parent=72851"}],"wp:term":[{"taxonomy":"category","embeddable":true,"href":"https:\/\/kulturbloggen.com\/index.php?rest_route=%2Fwp%2Fv2%2Fcategories&post=72851"},{"taxonomy":"post_tag","embeddable":true,"href":"https:\/\/kulturbloggen.com\/index.php?rest_route=%2Fwp%2Fv2%2Ftags&post=72851"}],"curies":[{"name":"wp","href":"https:\/\/api.w.org\/{rel}","templated":true}]}}