{"id":72637,"date":"2013-07-10T14:30:57","date_gmt":"2013-07-10T12:30:57","guid":{"rendered":"http:\/\/kulturbloggen.com\/?p=72637"},"modified":"2013-08-02T22:43:53","modified_gmt":"2013-08-02T20:43:53","slug":"bildgalleri-wwdis-summer-fest-pa-fargfabriken","status":"publish","type":"post","link":"https:\/\/kulturbloggen.com\/?p=72637","title":{"rendered":"Bildgalleri: WWDIS Summer Fest p\u00e5 F\u00e4rgfabriken"},"content":{"rendered":"<p><a href=\"http:\/\/kulturbloggen.com\/wp-content\/uploads\/2013\/07\/MG_8347.jpg\"><img loading=\"lazy\" decoding=\"async\" class=\"aligncenter size-medium wp-image-72638\" alt=\"_MG_8347\" src=\"http:\/\/kulturbloggen.com\/wp-content\/uploads\/2013\/07\/MG_8347-300x200.jpg\" width=\"300\" height=\"200\" srcset=\"https:\/\/kulturbloggen.com\/wp-content\/uploads\/2013\/07\/MG_8347-300x200.jpg 300w, https:\/\/kulturbloggen.com\/wp-content\/uploads\/2013\/07\/MG_8347-1024x682.jpg 1024w\" sizes=\"auto, (max-width: 300px) 100vw, 300px\" \/><\/a><\/p>\n<p>Den 9 juli inleddes mini-festivalen WWDIS Summer Fest som p\u00e5gick simultant i Stockholm och G\u00f6teborg, vi var p\u00e5 plats p\u00e5 F\u00e4rgfabriken d\u00e4r det bj\u00f6ds p\u00e5 ett noggrant utvalt program. N\u00e5gra av de mest intressanta namnen inom s\u00e5v\u00e4l svensk som internationell garagerock m\u00f6ttes p\u00e5 tv\u00e5 scener.<\/p>\n<p>De tv\u00e5 svenska banden Samling och Westkust var f\u00f6rst ut och bj\u00f6d visserligen p\u00e5 sin lite mer progg- respektive shoegaze-influerade musik som soundm\u00e4ssigt kanske inte helt st\u00e4mde \u00f6verens med det som skulle komma, men b\u00e5da banden h\u00f6ll ett j\u00e4rngrepp om den ljudbild de ville komma \u00e5t.\u00a0Japanska kulttrion Guitar Wolf fyllde d\u00e4refter ut den lilla scenen med sin \u00f6siga partyrock innan det var dags f\u00f6r amerikanska Parquet Courts och White Fence att kliva p\u00e5 den stora scenen.<\/p>\n<p>New York-kvartetten Parquet Courts har efter att de sl\u00e4ppte sin briljanta full\u00e4ngdare\u00a0<em>Light Up Gold<\/em> tidigare i \u00e5r blivit bokade till i stort sett varenda europeisk festival och med spelningar p\u00e5 SXSW, Primavera och Roskilde i bagaget m\u00e4rktes det att de var inne i ett fl\u00f6de n\u00e4r det var dags att m\u00f6ta den svenska publiken. Det bj\u00f6ds p\u00e5 ett timmesl\u00e5ngt set d\u00e4r helt nya l\u00e5tar blandades samman med st\u00f6rre delen av <em>Light Up Gold<\/em>. En h\u00f6jdpunkt var n\u00e4r <em>Master of My Craft<\/em> \u00f6vergick i <em>Borrowed Time<\/em> som med sina l\u00e5tsas-avslut fick ig\u00e5ng publiken, men \u00e4ven den f\u00f6rl\u00e4nga versionen av <em>Stoned and Starving<\/em> imponerade stort.<\/p>\n<p>Innan White Fence, som du kan se p\u00e5 bilden l\u00e4ngst upp i inl\u00e4gget, klev p\u00e5 scenen fylldes scendekoren med meddelandet att kv\u00e4llens stora dragpl\u00e5ster i Toronto-duon Death From Above 1979 tvingats st\u00e4lla in p\u00e5 grund av akut sjukdom &#8211; trist &#8211; men Fidlar flyttades upp till stora scenen ist\u00e4llet. White Fence \u00e4r den produktive Los Angeles-musikern Tim Presleys &#8211; som ju \u00e4ven spelar i band som Darker My Love och The Strange Boys &#8211; egna projekt, men med \u00e5rets album <em>Cyclops Reap<\/em> i bagaget\u00a0backades han upp av s\u00e5v\u00e4l trummis som basist. \u00c4ven han imponerade med en energisk spelning.<\/p>\n<p><strong>H\u00e4r \u00e4r n\u00e5gra bilder fr\u00e5n dagen:<\/strong><\/p>\n<p><a href=\"http:\/\/kulturbloggen.com\/wp-content\/uploads\/2013\/07\/MG_7964.jpg\"><img loading=\"lazy\" decoding=\"async\" class=\"aligncenter size-medium wp-image-72640\" alt=\"_MG_7964\" src=\"http:\/\/kulturbloggen.com\/wp-content\/uploads\/2013\/07\/MG_7964-300x200.jpg\" width=\"300\" height=\"200\" srcset=\"https:\/\/kulturbloggen.com\/wp-content\/uploads\/2013\/07\/MG_7964-300x200.jpg 300w, https:\/\/kulturbloggen.com\/wp-content\/uploads\/2013\/07\/MG_7964-1024x682.jpg 1024w\" sizes=\"auto, (max-width: 300px) 100vw, 300px\" \/><\/a><\/p>\n<p><a href=\"http:\/\/kulturbloggen.com\/wp-content\/uploads\/2013\/07\/MG_8011.jpg\"><img loading=\"lazy\" decoding=\"async\" class=\"aligncenter size-medium wp-image-72642\" alt=\"_MG_8011\" src=\"http:\/\/kulturbloggen.com\/wp-content\/uploads\/2013\/07\/MG_8011-300x200.jpg\" width=\"300\" height=\"200\" srcset=\"https:\/\/kulturbloggen.com\/wp-content\/uploads\/2013\/07\/MG_8011-300x200.jpg 300w, https:\/\/kulturbloggen.com\/wp-content\/uploads\/2013\/07\/MG_8011-1024x682.jpg 1024w\" sizes=\"auto, (max-width: 300px) 100vw, 300px\" \/><\/a><br \/>\n<a href=\"http:\/\/kulturbloggen.com\/wp-content\/uploads\/2013\/07\/MG_8032.jpg\"><img loading=\"lazy\" decoding=\"async\" class=\"aligncenter size-medium wp-image-72641\" alt=\"_MG_8032\" src=\"http:\/\/kulturbloggen.com\/wp-content\/uploads\/2013\/07\/MG_8032-300x200.jpg\" width=\"300\" height=\"200\" srcset=\"https:\/\/kulturbloggen.com\/wp-content\/uploads\/2013\/07\/MG_8032-300x200.jpg 300w, https:\/\/kulturbloggen.com\/wp-content\/uploads\/2013\/07\/MG_8032-1024x682.jpg 1024w\" sizes=\"auto, (max-width: 300px) 100vw, 300px\" \/><\/a><\/p>\n<p><a href=\"http:\/\/kulturbloggen.com\/wp-content\/uploads\/2013\/07\/MG_8320.jpg\"><img loading=\"lazy\" decoding=\"async\" class=\"aligncenter size-medium wp-image-72639\" alt=\"_MG_8320\" src=\"http:\/\/kulturbloggen.com\/wp-content\/uploads\/2013\/07\/MG_8320-300x200.jpg\" width=\"300\" height=\"200\" srcset=\"https:\/\/kulturbloggen.com\/wp-content\/uploads\/2013\/07\/MG_8320-300x200.jpg 300w, https:\/\/kulturbloggen.com\/wp-content\/uploads\/2013\/07\/MG_8320-1024x682.jpg 1024w\" sizes=\"auto, (max-width: 300px) 100vw, 300px\" \/><\/a><\/p>\n<p><a href=\"http:\/\/kulturbloggen.com\/wp-content\/uploads\/2013\/07\/MG_8205.jpg\"><img loading=\"lazy\" decoding=\"async\" class=\"aligncenter size-medium wp-image-72644\" alt=\"_MG_8205\" src=\"http:\/\/kulturbloggen.com\/wp-content\/uploads\/2013\/07\/MG_8205-300x200.jpg\" width=\"300\" height=\"200\" srcset=\"https:\/\/kulturbloggen.com\/wp-content\/uploads\/2013\/07\/MG_8205-300x200.jpg 300w, https:\/\/kulturbloggen.com\/wp-content\/uploads\/2013\/07\/MG_8205-1024x682.jpg 1024w\" sizes=\"auto, (max-width: 300px) 100vw, 300px\" \/><\/a><br \/>\n<a href=\"http:\/\/kulturbloggen.com\/wp-content\/uploads\/2013\/07\/MG_8385.jpg\"><img loading=\"lazy\" decoding=\"async\" class=\"aligncenter size-medium wp-image-72643\" alt=\"_MG_8385\" src=\"http:\/\/kulturbloggen.com\/wp-content\/uploads\/2013\/07\/MG_8385-300x200.jpg\" width=\"300\" height=\"200\" srcset=\"https:\/\/kulturbloggen.com\/wp-content\/uploads\/2013\/07\/MG_8385-300x200.jpg 300w, https:\/\/kulturbloggen.com\/wp-content\/uploads\/2013\/07\/MG_8385-1024x682.jpg 1024w\" sizes=\"auto, (max-width: 300px) 100vw, 300px\" \/><\/a><\/p>\n","protected":false},"excerpt":{"rendered":"<p>Den 9 juli inleddes mini-festivalen WWDIS Summer Fest som p\u00e5gick simultant i Stockholm och G\u00f6teborg, vi var p\u00e5 plats p\u00e5 F\u00e4rgfabriken d\u00e4r det bj\u00f6ds p\u00e5 ett noggrant utvalt program. N\u00e5gra av de mest intressanta namnen inom s\u00e5v\u00e4l svensk som internationell garagerock m\u00f6ttes p\u00e5 tv\u00e5 scener. De tv\u00e5 svenska banden Samling och Westkust var f\u00f6rst ut [&hellip;]<\/p>\n","protected":false},"author":3,"featured_media":0,"comment_status":"open","ping_status":"open","sticky":false,"template":"","format":"standard","meta":{"_genesis_hide_title":false,"_genesis_hide_breadcrumbs":false,"_genesis_hide_singular_image":false,"_genesis_hide_footer_widgets":false,"_genesis_custom_body_class":"","_genesis_custom_post_class":"","_genesis_layout":"","footnotes":""},"categories":[7],"tags":[9772,9853,7085],"class_list":{"0":"post-72637","1":"post","2":"type-post","3":"status-publish","4":"format-standard","6":"category-musik","7":"tag-parquet-courts","8":"tag-white-fence","9":"tag-wwdis-summer-fest","10":"entry"},"_links":{"self":[{"href":"https:\/\/kulturbloggen.com\/index.php?rest_route=\/wp\/v2\/posts\/72637","targetHints":{"allow":["GET"]}}],"collection":[{"href":"https:\/\/kulturbloggen.com\/index.php?rest_route=\/wp\/v2\/posts"}],"about":[{"href":"https:\/\/kulturbloggen.com\/index.php?rest_route=\/wp\/v2\/types\/post"}],"author":[{"embeddable":true,"href":"https:\/\/kulturbloggen.com\/index.php?rest_route=\/wp\/v2\/users\/3"}],"replies":[{"embeddable":true,"href":"https:\/\/kulturbloggen.com\/index.php?rest_route=%2Fwp%2Fv2%2Fcomments&post=72637"}],"version-history":[{"count":6,"href":"https:\/\/kulturbloggen.com\/index.php?rest_route=\/wp\/v2\/posts\/72637\/revisions"}],"predecessor-version":[{"id":73224,"href":"https:\/\/kulturbloggen.com\/index.php?rest_route=\/wp\/v2\/posts\/72637\/revisions\/73224"}],"wp:attachment":[{"href":"https:\/\/kulturbloggen.com\/index.php?rest_route=%2Fwp%2Fv2%2Fmedia&parent=72637"}],"wp:term":[{"taxonomy":"category","embeddable":true,"href":"https:\/\/kulturbloggen.com\/index.php?rest_route=%2Fwp%2Fv2%2Fcategories&post=72637"},{"taxonomy":"post_tag","embeddable":true,"href":"https:\/\/kulturbloggen.com\/index.php?rest_route=%2Fwp%2Fv2%2Ftags&post=72637"}],"curies":[{"name":"wp","href":"https:\/\/api.w.org\/{rel}","templated":true}]}}