{"id":72506,"date":"2013-07-07T20:11:55","date_gmt":"2013-07-07T18:11:55","guid":{"rendered":"http:\/\/kulturbloggen.com\/?p=72506"},"modified":"2013-07-08T10:37:18","modified_gmt":"2013-07-08T08:37:18","slug":"roskilde-parquet-courts-glimtar-till-bitvis","status":"publish","type":"post","link":"https:\/\/kulturbloggen.com\/?p=72506","title":{"rendered":"Roskilde: Parquet Courts glimtade till ibland"},"content":{"rendered":"<p style=\"text-align: left;\"><a href=\"http:\/\/kulturbloggen.com\/wp-content\/uploads\/2013\/07\/parquet.jpg\"><img loading=\"lazy\" decoding=\"async\" class=\"aligncenter size-medium wp-image-72507\" alt=\"parquet\" src=\"http:\/\/kulturbloggen.com\/wp-content\/uploads\/2013\/07\/parquet-300x200.jpg\" width=\"300\" height=\"200\" srcset=\"https:\/\/kulturbloggen.com\/wp-content\/uploads\/2013\/07\/parquet-300x200.jpg 300w, https:\/\/kulturbloggen.com\/wp-content\/uploads\/2013\/07\/parquet-1024x682.jpg 1024w\" sizes=\"auto, (max-width: 300px) 100vw, 300px\" \/><\/a><\/p>\n<p><strong>Parquet Courts, Pavilion Stage<\/strong><br \/>\n<em>Roskildefestivalen 6 juli 2013<\/em><br \/>\nBetyg: 3<\/p>\n<p>Den uppstickande Brooklyn-kvartetten Parquet Courts intog Roskildefestivalens Pavilion Stage under l\u00f6rdagsf\u00f6rmiddagen och deras stenade hybrid mellan slapp attityd, uppvridet tempo och energiska urladdningar glimtade till &#8211; \u00e5tminstone bitvis &#8211; det \u00e4r\u00a0framf\u00f6r allt tre l\u00e5tar som sticker ut; f\u00f6rst\u00a0<em>Master of My Craft<\/em> med gitarristen Austin Brown p\u00e5 s\u00e5ng, sedan garage-underverket<em> Borrowed Time<\/em>\u00a0med sina fejkade avslut som spelas efter att bandets huvuds\u00e5ngare Andrew Savage avbrutit ett annat\u00a0\u00f6sigt\u00a0powerackords-intro och bett publiken v\u00e4lja l\u00e5t ist\u00e4llet &#8211; men den absoluta h\u00f6jdpunkten\u00a0\u00e4r avslutande\u00a0<em>Stoned and Starving<\/em> som i f\u00f6rl\u00e4ngd version visar varf\u00f6r Parquet Courts\u00a0\u00e4r ett av \u00e5rets mest omsusade rockband &#8211; skeva melodier och stenad s\u00e5ng har d\u00e5 aldrig l\u00e5tit vackrare.<\/p>\n<p>Spelningen hade kanske dock kunnat kortas ner en aning d\u00e5 det i l\u00e4ngden tenderar att k\u00e4nnas en aning repetitivt &#8211; och ibland kommer jag p\u00e5 mig sj\u00e4lv med att\u00a0\u00f6nska att det var lite mer juice i gitarrf\u00f6rst\u00e4rkarna &#8211;\u00a0men n\u00e4r det v\u00e4l glimtar till\u00a0\u00e4r det fullkomligt briljant. Parquet Courts sl\u00e4ppte full\u00e4ngdaren <em>Light Up Gold<\/em> tidigare i \u00e5r. De\u00a0\u00e4r\u00a0\u00e4ven aktuella med spelningar p\u00e5 WWDIS Summer Fest som g\u00e5r av stapeln parallellt i Stockholm och G\u00f6teborg mellan den 9 och den 10 juli.<\/p>\n<p><strong>H\u00e4r \u00e4r ytterligare ett par bilder fr\u00e5n spelningen:<\/strong><\/p>\n<p><a href=\"http:\/\/kulturbloggen.com\/wp-content\/uploads\/2013\/07\/pc-2.jpg\"><img loading=\"lazy\" decoding=\"async\" class=\"aligncenter size-medium wp-image-72513\" alt=\"pc 2\" src=\"http:\/\/kulturbloggen.com\/wp-content\/uploads\/2013\/07\/pc-2-300x200.jpg\" width=\"300\" height=\"200\" srcset=\"https:\/\/kulturbloggen.com\/wp-content\/uploads\/2013\/07\/pc-2-300x200.jpg 300w, https:\/\/kulturbloggen.com\/wp-content\/uploads\/2013\/07\/pc-2-1024x682.jpg 1024w\" sizes=\"auto, (max-width: 300px) 100vw, 300px\" \/><\/a><\/p>\n<p><a href=\"http:\/\/kulturbloggen.com\/wp-content\/uploads\/2013\/07\/pc3.jpg\"><img loading=\"lazy\" decoding=\"async\" class=\"aligncenter size-medium wp-image-72514\" alt=\"pc3\" src=\"http:\/\/kulturbloggen.com\/wp-content\/uploads\/2013\/07\/pc3-300x215.jpg\" width=\"300\" height=\"215\" srcset=\"https:\/\/kulturbloggen.com\/wp-content\/uploads\/2013\/07\/pc3-300x215.jpg 300w, https:\/\/kulturbloggen.com\/wp-content\/uploads\/2013\/07\/pc3-1024x737.jpg 1024w\" sizes=\"auto, (max-width: 300px) 100vw, 300px\" \/><\/a><\/p>\n","protected":false},"excerpt":{"rendered":"<p>Parquet Courts, Pavilion Stage Roskildefestivalen 6 juli 2013 Betyg: 3 Den uppstickande Brooklyn-kvartetten Parquet Courts intog Roskildefestivalens Pavilion Stage under l\u00f6rdagsf\u00f6rmiddagen och deras stenade hybrid mellan slapp attityd, uppvridet tempo och energiska urladdningar glimtade till &#8211; \u00e5tminstone bitvis &#8211; det \u00e4r\u00a0framf\u00f6r allt tre l\u00e5tar som sticker ut; f\u00f6rst\u00a0Master of My Craft med gitarristen Austin Brown [&hellip;]<\/p>\n","protected":false},"author":3,"featured_media":0,"comment_status":"open","ping_status":"open","sticky":false,"template":"","format":"standard","meta":{"_genesis_hide_title":false,"_genesis_hide_breadcrumbs":false,"_genesis_hide_singular_image":false,"_genesis_hide_footer_widgets":false,"_genesis_custom_body_class":"","_genesis_custom_post_class":"","_genesis_layout":"","footnotes":""},"categories":[7],"tags":[9772,4843],"class_list":{"0":"post-72506","1":"post","2":"type-post","3":"status-publish","4":"format-standard","6":"category-musik","7":"tag-parquet-courts","8":"tag-roskilde","9":"entry"},"_links":{"self":[{"href":"https:\/\/kulturbloggen.com\/index.php?rest_route=\/wp\/v2\/posts\/72506","targetHints":{"allow":["GET"]}}],"collection":[{"href":"https:\/\/kulturbloggen.com\/index.php?rest_route=\/wp\/v2\/posts"}],"about":[{"href":"https:\/\/kulturbloggen.com\/index.php?rest_route=\/wp\/v2\/types\/post"}],"author":[{"embeddable":true,"href":"https:\/\/kulturbloggen.com\/index.php?rest_route=\/wp\/v2\/users\/3"}],"replies":[{"embeddable":true,"href":"https:\/\/kulturbloggen.com\/index.php?rest_route=%2Fwp%2Fv2%2Fcomments&post=72506"}],"version-history":[{"count":7,"href":"https:\/\/kulturbloggen.com\/index.php?rest_route=\/wp\/v2\/posts\/72506\/revisions"}],"predecessor-version":[{"id":72530,"href":"https:\/\/kulturbloggen.com\/index.php?rest_route=\/wp\/v2\/posts\/72506\/revisions\/72530"}],"wp:attachment":[{"href":"https:\/\/kulturbloggen.com\/index.php?rest_route=%2Fwp%2Fv2%2Fmedia&parent=72506"}],"wp:term":[{"taxonomy":"category","embeddable":true,"href":"https:\/\/kulturbloggen.com\/index.php?rest_route=%2Fwp%2Fv2%2Fcategories&post=72506"},{"taxonomy":"post_tag","embeddable":true,"href":"https:\/\/kulturbloggen.com\/index.php?rest_route=%2Fwp%2Fv2%2Ftags&post=72506"}],"curies":[{"name":"wp","href":"https:\/\/api.w.org\/{rel}","templated":true}]}}