{"id":72364,"date":"2013-07-03T21:16:08","date_gmt":"2013-07-03T19:16:08","guid":{"rendered":"http:\/\/kulturbloggen.com\/?p=72364"},"modified":"2013-07-03T21:16:08","modified_gmt":"2013-07-03T19:16:08","slug":"jens-lekman-ger-konsert-pa-stora-teatern-i-goteborg-i-host","status":"publish","type":"post","link":"https:\/\/kulturbloggen.com\/?p=72364","title":{"rendered":"Jens Lekman ger konsert p\u00e5 Stora Teatern i G\u00f6teborg i h\u00f6st"},"content":{"rendered":"<p><a href=\"http:\/\/kulturbloggen.com\/wp-content\/uploads\/2013\/07\/jensblackwhite.jpg\"><img loading=\"lazy\" decoding=\"async\" src=\"http:\/\/kulturbloggen.com\/wp-content\/uploads\/2013\/07\/jensblackwhite-300x204.jpg\" alt=\"jensblackwhite\" width=\"300\" height=\"204\" class=\"aligncenter size-medium wp-image-72365\" srcset=\"https:\/\/kulturbloggen.com\/wp-content\/uploads\/2013\/07\/jensblackwhite-300x204.jpg 300w, https:\/\/kulturbloggen.com\/wp-content\/uploads\/2013\/07\/jensblackwhite.jpg 640w\" sizes=\"auto, (max-width: 300px) 100vw, 300px\" \/><\/a><\/p>\n<p>Den 4 september spelar Jens Lekman p\u00e5 Stora Teatern i G\u00f6teborg. Jag kan t\u00e4nka mig att det blir en perfekt scen f\u00f6r hans musik och texter. Han kommer att framf\u00f6ra sin musik inf\u00f6r en sittande publik.<br \/>\nJens Lekman sl\u00e4ppte ifjol albumet &#8221;I Know What Love Isn\u2019t&#8221;. I samband med skivsl\u00e4ppet \u00e5kte han ut p\u00e5 en omfattande turn\u00e9 som hittills tagit honom runt om i Europa, USA, Japan och Australien. <strong><a href=\"http:\/\/kulturbloggen.com\/?p=59143\">H\u00e4r kan du l\u00e4sa den intervju Kulturbloggen gjorde med Jens Lekman inf\u00f6r att albumet sl\u00e4pptes.<\/a><\/strong><\/p>\n<p><iframe loading=\"lazy\" width=\"560\" height=\"315\" src=\"\/\/www.youtube.com\/embed\/jQErekXV9Qc\" frameborder=\"0\" allowfullscreen><\/iframe><\/p>\n","protected":false},"excerpt":{"rendered":"<p>Den 4 september spelar Jens Lekman p\u00e5 Stora Teatern i G\u00f6teborg. Jag kan t\u00e4nka mig att det blir en perfekt scen f\u00f6r hans musik och texter. Han kommer att framf\u00f6ra sin musik inf\u00f6r en sittande publik. Jens Lekman sl\u00e4ppte ifjol albumet &#8221;I Know What Love Isn\u2019t&#8221;. I samband med skivsl\u00e4ppet \u00e5kte han ut p\u00e5 en [&hellip;]<\/p>\n","protected":false},"author":13,"featured_media":0,"comment_status":"open","ping_status":"open","sticky":false,"template":"","format":"standard","meta":{"_genesis_hide_title":false,"_genesis_hide_breadcrumbs":false,"_genesis_hide_singular_image":false,"_genesis_hide_footer_widgets":false,"_genesis_custom_body_class":"","_genesis_custom_post_class":"","_genesis_layout":"","footnotes":""},"categories":[7],"tags":[2159,2652,5428],"class_list":{"0":"post-72364","1":"post","2":"type-post","3":"status-publish","4":"format-standard","6":"category-musik","7":"tag-goteborg","8":"tag-jens-lekman","9":"tag-stora-teatern","10":"entry"},"_links":{"self":[{"href":"https:\/\/kulturbloggen.com\/index.php?rest_route=\/wp\/v2\/posts\/72364","targetHints":{"allow":["GET"]}}],"collection":[{"href":"https:\/\/kulturbloggen.com\/index.php?rest_route=\/wp\/v2\/posts"}],"about":[{"href":"https:\/\/kulturbloggen.com\/index.php?rest_route=\/wp\/v2\/types\/post"}],"author":[{"embeddable":true,"href":"https:\/\/kulturbloggen.com\/index.php?rest_route=\/wp\/v2\/users\/13"}],"replies":[{"embeddable":true,"href":"https:\/\/kulturbloggen.com\/index.php?rest_route=%2Fwp%2Fv2%2Fcomments&post=72364"}],"version-history":[{"count":1,"href":"https:\/\/kulturbloggen.com\/index.php?rest_route=\/wp\/v2\/posts\/72364\/revisions"}],"predecessor-version":[{"id":72366,"href":"https:\/\/kulturbloggen.com\/index.php?rest_route=\/wp\/v2\/posts\/72364\/revisions\/72366"}],"wp:attachment":[{"href":"https:\/\/kulturbloggen.com\/index.php?rest_route=%2Fwp%2Fv2%2Fmedia&parent=72364"}],"wp:term":[{"taxonomy":"category","embeddable":true,"href":"https:\/\/kulturbloggen.com\/index.php?rest_route=%2Fwp%2Fv2%2Fcategories&post=72364"},{"taxonomy":"post_tag","embeddable":true,"href":"https:\/\/kulturbloggen.com\/index.php?rest_route=%2Fwp%2Fv2%2Ftags&post=72364"}],"curies":[{"name":"wp","href":"https:\/\/api.w.org\/{rel}","templated":true}]}}