{"id":7219,"date":"2009-02-19T14:02:16","date_gmt":"2009-02-19T13:02:16","guid":{"rendered":"http:\/\/kulturbloggen.com\/?p=7219"},"modified":"2009-02-19T14:02:16","modified_gmt":"2009-02-19T13:02:16","slug":"premiarforestallning-av-la-boheme-direkt-i-datorn","status":"publish","type":"post","link":"https:\/\/kulturbloggen.com\/?p=7219","title":{"rendered":"Premi\u00e4rf\u00f6rest\u00e4llning av La Boh\u00e9me &#8211; direkt i datorn"},"content":{"rendered":"<p><a href=\"http:\/\/sodergren.com\/kulturbloggen\/wp-content\/uploads\/2009\/02\/bohema290.jpg\"><img loading=\"lazy\" decoding=\"async\" src=\"http:\/\/sodergren.com\/kulturbloggen\/wp-content\/uploads\/2009\/02\/bohema290.jpg\" alt=\"bohema290\" title=\"bohema290\" width=\"290\" height=\"200\" class=\"alignnone size-full wp-image-7222\" \/><\/a><br \/>\nH\u00e4romkv\u00e4llen s\u00e5g jag premi\u00e4rf\u00f6rest\u00e4llningen av Puccinis La Boh\u00e9me fr\u00e5n English National Opera p\u00e5 datorn.<br \/>\n<!--more--><br \/>\nUt\u00f6ver att det var en premi\u00e4r s\u00e5 var det ocks\u00e5 premi\u00e4r f\u00f6r detta s\u00e4tt att se opera, n\u00e4mligen via sin dator eller f\u00f6rmodar jag tv-anslutning om man har en s\u00e5dan. Enligt vad jag uppfattade kan man se f\u00f6rest\u00e4llningen till och med den 2 mars. <\/p>\n<p>Inspelningen p\u00e5minner lite grann om digitals\u00e4ndningarna fr\u00e5n Metropolitan. F\u00f6rest\u00e4llningen presenterades av Petroc Trelawny och Penny Smith. Precis som n\u00e4r det g\u00e4ller uts\u00e4ndningarna fr\u00e5n Metropolitan kan man f\u00f6lja arbetet med produktionen fr\u00e5n aktiviteter bakom scenen. <\/p>\n<p>I denna uts\u00e4ndning kunde man f\u00f6lja repetitionsarbetets start, vilket g\u00f6r operaupplevelsen \u00e4nnu starkare och b\u00e4ttre. Framf\u00f6rallt var det trevligt att h\u00f6ra hur regiss\u00f6ren f\u00e5r upps\u00e4ttningen att v\u00e4xa. Intervjun med Amanda Holden var ocks\u00e5 mycket trevlig att lyssna till precis som intervjun med dirigenten i pausen.<\/p>\n<p><strong>Mogens H Andersson<\/strong><br \/>\n<a href=\"http:\/\/mogensblogg.blogspot.com\/2009\/02\/la-boheme-fran-english-national-opera-i.html\">Vill du l\u00e4sa mer bes\u00f6k min blogg<\/a><br \/>\n<a href=\"http:\/\/www.mogensoperasidor.se\">Vill du veta mer om opera bes\u00f6k min hemsida<\/a> <\/p>\n","protected":false},"excerpt":{"rendered":"<p>H\u00e4romkv\u00e4llen s\u00e5g jag premi\u00e4rf\u00f6rest\u00e4llningen av Puccinis La Boh\u00e9me fr\u00e5n English National Opera p\u00e5 datorn.<\/p>\n","protected":false},"author":13,"featured_media":0,"comment_status":"open","ping_status":"open","sticky":false,"template":"","format":"standard","meta":{"_genesis_hide_title":false,"_genesis_hide_breadcrumbs":false,"_genesis_hide_singular_image":false,"_genesis_hide_footer_widgets":false,"_genesis_custom_body_class":"","_genesis_custom_post_class":"","_genesis_layout":"","footnotes":""},"categories":[7],"tags":[1289,3320,3960,4147],"class_list":{"0":"post-7219","1":"post","2":"type-post","3":"status-publish","4":"format-standard","6":"category-musik","7":"tag-direktsandning","8":"tag-live","9":"tag-new-york","10":"tag-opera","11":"entry"},"_links":{"self":[{"href":"https:\/\/kulturbloggen.com\/index.php?rest_route=\/wp\/v2\/posts\/7219","targetHints":{"allow":["GET"]}}],"collection":[{"href":"https:\/\/kulturbloggen.com\/index.php?rest_route=\/wp\/v2\/posts"}],"about":[{"href":"https:\/\/kulturbloggen.com\/index.php?rest_route=\/wp\/v2\/types\/post"}],"author":[{"embeddable":true,"href":"https:\/\/kulturbloggen.com\/index.php?rest_route=\/wp\/v2\/users\/13"}],"replies":[{"embeddable":true,"href":"https:\/\/kulturbloggen.com\/index.php?rest_route=%2Fwp%2Fv2%2Fcomments&post=7219"}],"version-history":[{"count":0,"href":"https:\/\/kulturbloggen.com\/index.php?rest_route=\/wp\/v2\/posts\/7219\/revisions"}],"wp:attachment":[{"href":"https:\/\/kulturbloggen.com\/index.php?rest_route=%2Fwp%2Fv2%2Fmedia&parent=7219"}],"wp:term":[{"taxonomy":"category","embeddable":true,"href":"https:\/\/kulturbloggen.com\/index.php?rest_route=%2Fwp%2Fv2%2Fcategories&post=7219"},{"taxonomy":"post_tag","embeddable":true,"href":"https:\/\/kulturbloggen.com\/index.php?rest_route=%2Fwp%2Fv2%2Ftags&post=7219"}],"curies":[{"name":"wp","href":"https:\/\/api.w.org\/{rel}","templated":true}]}}