{"id":72144,"date":"2013-06-28T15:48:49","date_gmt":"2013-06-28T13:48:49","guid":{"rendered":"http:\/\/kulturbloggen.com\/?p=72144"},"modified":"2013-07-06T12:38:30","modified_gmt":"2013-07-06T10:38:30","slug":"bravalla-rammstein-overtraffar-alla-utom-sig-sjalva","status":"publish","type":"post","link":"https:\/\/kulturbloggen.com\/?p=72144","title":{"rendered":"Br\u00e5valla: Rammstein \u00f6vertr\u00e4ffar alla utom sig sj\u00e4lva"},"content":{"rendered":"<p><a href=\"http:\/\/kulturbloggen.com\/wp-content\/uploads\/2013\/06\/Rammstein1.jpg\"><img loading=\"lazy\" decoding=\"async\" class=\"aligncenter size-medium wp-image-72145\" alt=\"Rammstein1\" src=\"http:\/\/kulturbloggen.com\/wp-content\/uploads\/2013\/06\/Rammstein1-300x200.jpg\" width=\"300\" height=\"200\" srcset=\"https:\/\/kulturbloggen.com\/wp-content\/uploads\/2013\/06\/Rammstein1-300x200.jpg 300w, https:\/\/kulturbloggen.com\/wp-content\/uploads\/2013\/06\/Rammstein1-1024x682.jpg 1024w\" sizes=\"auto, (max-width: 300px) 100vw, 300px\" \/><\/a><\/p>\n<p><strong>Rammstein, Blue Stage<\/strong><br \/>\n<em>Br\u00e5vallafestivalen 27 juni 2013<\/em><br \/>\nBetyg: 3<\/p>\n<p>Pyroteknik. Om man skulle f\u00f6rs\u00f6ka beskriva en Rammsteinkonsert med ett ord m\u00e5ste nog &#8221;pyroteknik&#8221; vara det l\u00e4mpligaste. Det finns inte m\u00e5nga spelningar d\u00e4r musiken hamnar i andra hand p\u00e5 det s\u00e4tt den g\u00f6r det ikv\u00e4ll. Inte f\u00f6r att f\u00f6rsta upplagan av Br\u00e5vallafestivalens huvudakt \u00e4r d\u00e5liga p\u00e5 att framf\u00f6ra sina l\u00e5tar p\u00e5 n\u00e5got s\u00e4tt. De har en noggrant utvald spellista som inneh\u00e5ller de flesta av bandets st\u00f6rsta l\u00e5tar som genomf\u00f6rs exceptionellt musikaliskt d\u00e4r hela bandet spelar n\u00e4stintill felfritt. Dock \u00e4r det alltid eldkastarna, de sinnessjuka kostymerna, det provocerande scenspr\u00e5ket och explosionerna som stj\u00e4l uppm\u00e4rksamheten.<\/p>\n<p>Hela Br\u00e5vallapubliken \u00e4r hopkl\u00e4mda framf\u00f6r ett Blue Stage i helsp\u00e4nn, beundran och f\u00f6rv\u00e4ntningar \u00f6ver vad bandet kommer att hitta p\u00e5 i sitt spektakul\u00e4ra upptr\u00e4dande exploderar i takt med <em>Feuer Frei, Du Hast, Benzin<\/em>, ja, i stort s\u00e4tt hela tiden.<\/p>\n<p>Neue Deutsche H\u00e4rte-bandet har en v\u00e4l in\u00f6vad rutin med sig som de turnerat med ett bra tag nu. Det inneb\u00e4r dessv\u00e4rre att inte s\u00e4rskilt mycket f\u00f6r\u00e4ndrats sedan Globensbes\u00f6ket f\u00f6rra \u00e5ret eller ens deras festivalspelning p\u00e5 Metaltown 2010, det k\u00e4nns aningen upprepande, lite avskalat och stundvis kanske till och med lite tr\u00e5kigt. Men det \u00e4r inget som de st\u00f6rsta fantasterna eller bes\u00f6kare som ser bandet f\u00f6r f\u00f6rsta g\u00e5ngen kommer klagar p\u00e5.<\/p>\n<p><strong>H\u00e4r \u00e4r ytterligare n\u00e5gra bilder fr\u00e5n spelningen:<\/strong><\/p>\n<p><a href=\"http:\/\/kulturbloggen.com\/wp-content\/uploads\/2013\/06\/Rammstein6.jpg\"><img loading=\"lazy\" decoding=\"async\" class=\"aligncenter size-medium wp-image-72150\" alt=\"Rammstein6\" src=\"http:\/\/kulturbloggen.com\/wp-content\/uploads\/2013\/06\/Rammstein6-300x236.jpg\" width=\"300\" height=\"236\" srcset=\"https:\/\/kulturbloggen.com\/wp-content\/uploads\/2013\/06\/Rammstein6-300x236.jpg 300w, https:\/\/kulturbloggen.com\/wp-content\/uploads\/2013\/06\/Rammstein6-1024x807.jpg 1024w\" sizes=\"auto, (max-width: 300px) 100vw, 300px\" \/><\/a><\/p>\n<p><a href=\"http:\/\/kulturbloggen.com\/wp-content\/uploads\/2013\/06\/Rammstein5.jpg\"><img loading=\"lazy\" decoding=\"async\" class=\"aligncenter size-medium wp-image-72149\" alt=\"Rammstein5\" src=\"http:\/\/kulturbloggen.com\/wp-content\/uploads\/2013\/06\/Rammstein5-300x192.jpg\" width=\"300\" height=\"192\" srcset=\"https:\/\/kulturbloggen.com\/wp-content\/uploads\/2013\/06\/Rammstein5-300x192.jpg 300w, https:\/\/kulturbloggen.com\/wp-content\/uploads\/2013\/06\/Rammstein5-1024x658.jpg 1024w\" sizes=\"auto, (max-width: 300px) 100vw, 300px\" \/><\/a><\/p>\n<p><a href=\"http:\/\/kulturbloggen.com\/wp-content\/uploads\/2013\/06\/Rammstein4.jpg\"><img loading=\"lazy\" decoding=\"async\" class=\"aligncenter size-medium wp-image-72148\" alt=\"Rammstein4\" src=\"http:\/\/kulturbloggen.com\/wp-content\/uploads\/2013\/06\/Rammstein4-211x300.jpg\" width=\"211\" height=\"300\" srcset=\"https:\/\/kulturbloggen.com\/wp-content\/uploads\/2013\/06\/Rammstein4-211x300.jpg 211w, https:\/\/kulturbloggen.com\/wp-content\/uploads\/2013\/06\/Rammstein4-720x1024.jpg 720w, https:\/\/kulturbloggen.com\/wp-content\/uploads\/2013\/06\/Rammstein4.jpg 1590w\" sizes=\"auto, (max-width: 211px) 100vw, 211px\" \/><\/a><\/p>\n<p><a href=\"http:\/\/kulturbloggen.com\/wp-content\/uploads\/2013\/06\/Rammstein3.jpg\"><img loading=\"lazy\" decoding=\"async\" class=\"aligncenter size-medium wp-image-72147\" alt=\"Rammstein3\" src=\"http:\/\/kulturbloggen.com\/wp-content\/uploads\/2013\/06\/Rammstein3-262x300.jpg\" width=\"262\" height=\"300\" srcset=\"https:\/\/kulturbloggen.com\/wp-content\/uploads\/2013\/06\/Rammstein3-262x300.jpg 262w, https:\/\/kulturbloggen.com\/wp-content\/uploads\/2013\/06\/Rammstein3-897x1024.jpg 897w, https:\/\/kulturbloggen.com\/wp-content\/uploads\/2013\/06\/Rammstein3.jpg 1943w\" sizes=\"auto, (max-width: 262px) 100vw, 262px\" \/><\/a><\/p>\n<p><a href=\"http:\/\/kulturbloggen.com\/wp-content\/uploads\/2013\/06\/Rammstein2.jpg\"><img loading=\"lazy\" decoding=\"async\" class=\"aligncenter size-medium wp-image-72146\" alt=\"Rammstein2\" src=\"http:\/\/kulturbloggen.com\/wp-content\/uploads\/2013\/06\/Rammstein2-300x200.jpg\" width=\"300\" height=\"200\" srcset=\"https:\/\/kulturbloggen.com\/wp-content\/uploads\/2013\/06\/Rammstein2-300x200.jpg 300w, https:\/\/kulturbloggen.com\/wp-content\/uploads\/2013\/06\/Rammstein2-1024x682.jpg 1024w\" sizes=\"auto, (max-width: 300px) 100vw, 300px\" \/><\/a><\/p>\n","protected":false},"excerpt":{"rendered":"<p>Rammstein, Blue Stage Br\u00e5vallafestivalen 27 juni 2013 Betyg: 3 Pyroteknik. Om man skulle f\u00f6rs\u00f6ka beskriva en Rammsteinkonsert med ett ord m\u00e5ste nog &#8221;pyroteknik&#8221; vara det l\u00e4mpligaste. Det finns inte m\u00e5nga spelningar d\u00e4r musiken hamnar i andra hand p\u00e5 det s\u00e4tt den g\u00f6r det ikv\u00e4ll. Inte f\u00f6r att f\u00f6rsta upplagan av Br\u00e5vallafestivalens huvudakt \u00e4r d\u00e5liga p\u00e5 [&hellip;]<\/p>\n","protected":false},"author":13,"featured_media":0,"comment_status":"open","ping_status":"open","sticky":false,"template":"","format":"standard","meta":{"_genesis_hide_title":false,"_genesis_hide_breadcrumbs":false,"_genesis_hide_singular_image":false,"_genesis_hide_footer_widgets":false,"_genesis_custom_body_class":"","_genesis_custom_post_class":"","_genesis_layout":"","footnotes":""},"categories":[20],"tags":[10111,4638],"class_list":{"0":"post-72144","1":"post","2":"type-post","3":"status-publish","4":"format-standard","6":"category-film","7":"tag-bravallafestivalen","8":"tag-rammstein","9":"entry"},"_links":{"self":[{"href":"https:\/\/kulturbloggen.com\/index.php?rest_route=\/wp\/v2\/posts\/72144","targetHints":{"allow":["GET"]}}],"collection":[{"href":"https:\/\/kulturbloggen.com\/index.php?rest_route=\/wp\/v2\/posts"}],"about":[{"href":"https:\/\/kulturbloggen.com\/index.php?rest_route=\/wp\/v2\/types\/post"}],"author":[{"embeddable":true,"href":"https:\/\/kulturbloggen.com\/index.php?rest_route=\/wp\/v2\/users\/13"}],"replies":[{"embeddable":true,"href":"https:\/\/kulturbloggen.com\/index.php?rest_route=%2Fwp%2Fv2%2Fcomments&post=72144"}],"version-history":[{"count":6,"href":"https:\/\/kulturbloggen.com\/index.php?rest_route=\/wp\/v2\/posts\/72144\/revisions"}],"predecessor-version":[{"id":72158,"href":"https:\/\/kulturbloggen.com\/index.php?rest_route=\/wp\/v2\/posts\/72144\/revisions\/72158"}],"wp:attachment":[{"href":"https:\/\/kulturbloggen.com\/index.php?rest_route=%2Fwp%2Fv2%2Fmedia&parent=72144"}],"wp:term":[{"taxonomy":"category","embeddable":true,"href":"https:\/\/kulturbloggen.com\/index.php?rest_route=%2Fwp%2Fv2%2Fcategories&post=72144"},{"taxonomy":"post_tag","embeddable":true,"href":"https:\/\/kulturbloggen.com\/index.php?rest_route=%2Fwp%2Fv2%2Ftags&post=72144"}],"curies":[{"name":"wp","href":"https:\/\/api.w.org\/{rel}","templated":true}]}}