{"id":71944,"date":"2013-06-20T10:18:03","date_gmt":"2013-06-20T08:18:03","guid":{"rendered":"http:\/\/kulturbloggen.com\/?p=71944"},"modified":"2013-06-20T10:18:03","modified_gmt":"2013-06-20T08:18:03","slug":"i-augusti-ar-det-dags-for-svenska-stand-up-galan-2013","status":"publish","type":"post","link":"https:\/\/kulturbloggen.com\/?p=71944","title":{"rendered":"I augusti \u00e4r det dags f\u00f6r Svenska Stand-Up galan 2013"},"content":{"rendered":"<p><a href=\"http:\/\/kulturbloggen.com\/wp-content\/uploads\/2013\/06\/ozznujen.jpg\"><img loading=\"lazy\" decoding=\"async\" src=\"http:\/\/kulturbloggen.com\/wp-content\/uploads\/2013\/06\/ozznujen-199x300.jpg\" alt=\"ozznujen\" width=\"199\" height=\"300\" class=\"aligncenter size-medium wp-image-71952\" srcset=\"https:\/\/kulturbloggen.com\/wp-content\/uploads\/2013\/06\/ozznujen-199x300.jpg 199w, https:\/\/kulturbloggen.com\/wp-content\/uploads\/2013\/06\/ozznujen.jpg 266w\" sizes=\"auto, (max-width: 199px) 100vw, 199px\" \/><\/a><\/p>\n<p>Gillar du Stand-Up? D\u00e5 vill du nog inte missa Svenska Stand-Up galan 2013,<\/p>\n<p>I augusti \u00e4r det dags igen. D\u00e5 \u00e4ger Sveriges enda officiella gala f\u00f6r stand up comedy rum p\u00e5 S\u00f6dra Teatern. Vem blir \u00e5rets vinnare? Vem \u00e4r \u00e5rets nykomling p\u00e5 humorhimlen? Och vem kammar hem \u00e5rets hederspris? Den 27 augusti f\u00e5r publiken veta. Efter prisutdelningen blir det mingel i S\u00f6dra Bar med komikerna. Konferencier \u00e4r M\u00e5rten Andersson.<\/p>\n<p>I augusti samlas den svenska humoreliten traditionsenligt p\u00e5 S\u00f6dra Teatern. F\u00f6r 12:e \u00e5ret i rad anordnas \u00e5rets viktigaste stand up comedy-h\u00e4ndelse d\u00e4r de fr\u00e4msta priserna som g\u00e5r att f\u00e5 inom svensk stand up delas ut \u2013 Svenska Stand-Up galan. Under kv\u00e4llen kommer bland annat \u00c5rets kvinnliga och \u00c5rets manliga komiker att koras, samt \u00c5rets nykomling som f\u00e5r ett pris p\u00e5 25000 kronor. 2013 \u00e5rs gala \u00e4r mer sv\u00e5rtippad \u00e4n n\u00e5gonsin, enligt \u00d6zz N\u00fbjen som \u00e4r juryns ordf\u00f6rande och en drivande kraft bakom galan.<\/p>\n<p>&#8211; Det \u00e4r f\u00f6rmodligen en av de sv\u00e5raste och mest ovissa galorna eftersom svensk stand-up utvecklats och utvecklas p\u00e5 ett enormt bra s\u00e4tt, b\u00e5de publikt och kvalitetsm\u00e4ssigt.<\/p>\n<p>\u00d6zz N\u00fbjen ser en tydlig trend inom svensk stand-up som \u00e4r b\u00e5de positiv och f\u00f6rdjupande.<\/p>\n<p>&#8211; Allt fler komiker s\u00e4tter upp egna soloturn\u00e9er och g\u00e5r in p\u00e5 djupet i sig sj\u00e4lv men \u00e4ven i samh\u00e4llet. Att antalet klubbar \u00f6kar markant i hela Sverige \u00e4r ocks\u00e5 v\u00e4ldigt gl\u00e4djande och positivt.<\/p>\n<p>Kv\u00e4llens g\u00e4startist \u00e4r Magnus Betn\u00e9r som tillsammans med \u00d6zz N\u00fbjen kommer att st\u00e5 f\u00f6r underh\u00e5llningen. Konferencier \u00e4r M\u00e5rten Andersson, den drivande kraften bakom stand-up klubben RAW i Stockholm och anordnare av flertalet klubbar, koncept och turn\u00e9er. Efter prisutdelningen blir det fest och mingel i S\u00f6dra Bar med komikerna.<\/p>\n<p>Juryn f\u00f6r Svenska Stand Up-galan best\u00e5r i \u00e5r av \u00d6zz N\u00fbjen (juryns ordf\u00f6rande),  Lena Frisk (Malm\u00f6 Comedy Klubb), Elin Nord\u00e9n (Malm\u00f6 Comedy Klubb), Fritte Fritzson (Oslipat), Marcus Johansson (Oslipat), Cecilia Stenborg (Rubys G\u00f6teborg) och Janne Westerlund (Stockholm Comedy Club).<\/p>\n<p>Tidigare \u00e5rs vinnare \u00e4r bland andra Henrik Schyffert, Babben Larsson Johan Glans, Petra Mede, Ann Westin, Magnus Betn\u00e9r , Karin Adelsk\u00f6ld och Al Pitcher.<\/p>\n<p><strong>Fakta<\/strong><br \/>\nVad: Svenska Stand-Up Galan, Sveriges enda officiella stand up-gala<br \/>\nVar: Stora Scen, S\u00f6dra Teatern, Stockholm<br \/>\nN\u00e4r: Tisdag den 27 augusti, 19.30. Mingel med komikerna i S\u00f6dra Bar efter prisutdelningarna.<br \/>\nSvenska Stand Up-galan arrangeras f\u00f6r 12:e \u00e5ret i rad. Sedan 2006 h\u00e5lls den p\u00e5 S\u00f6dra Teatern. Arrang\u00f6rer \u00e4r Nujen Media AB och S\u00f6dra Teatern.<\/p>\n<p>Upptr\u00e4der g\u00f6r: Magnus Betn\u00e9r och \u00d6zz N\u00fbjen plus hemliga g\u00e4ster och k\u00e4nda prisutdelare<br \/>\nKonferencier: M\u00e5rten Andersson<\/p>\n<p><strong>Priser delas ut i kategorierna <\/strong><br \/>\n\u00c5rets kvinnliga komiker<br \/>\n\u00c5rets manliga komiker<br \/>\n\u00c5rets nykomling<br \/>\nJuryns hederspris g\u00e5r till de som betytt mycket f\u00f6r svensk stand up i \u00e5r eller genom \u00e5ren<br \/>\n\u00c5rets skrattstock g\u00e5r till den eller de som gjort n\u00e5got betydande och utvecklat svensk standup i TV\/radio eller p\u00e5 webben.<\/p>\n<p><a href=\"http:\/\/news.cision.com\/se\/sodra-teatern\/r\/svenska-stand-up-galan-2013-pa-sodra-teatern,c9430482\">H\u00e4r \u00e4r ett pressmeddelande om Stand-Up galan.<\/a><\/p>\n","protected":false},"excerpt":{"rendered":"<p>Gillar du Stand-Up? D\u00e5 vill du nog inte missa Svenska Stand-Up galan 2013, I augusti \u00e4r det dags igen. D\u00e5 \u00e4ger Sveriges enda officiella gala f\u00f6r stand up comedy rum p\u00e5 S\u00f6dra Teatern. Vem blir \u00e5rets vinnare? Vem \u00e4r \u00e5rets nykomling p\u00e5 humorhimlen? Och vem kammar hem \u00e5rets hederspris? Den 27 augusti f\u00e5r publiken veta. [&hellip;]<\/p>\n","protected":false},"author":13,"featured_media":0,"comment_status":"open","ping_status":"open","sticky":false,"template":"","format":"standard","meta":{"_genesis_hide_title":false,"_genesis_hide_breadcrumbs":false,"_genesis_hide_singular_image":false,"_genesis_hide_footer_widgets":false,"_genesis_custom_body_class":"","_genesis_custom_post_class":"","_genesis_layout":"","footnotes":""},"categories":[20],"tags":[4955,5598],"class_list":{"0":"post-71944","1":"post","2":"type-post","3":"status-publish","4":"format-standard","6":"category-film","7":"tag-scenkonst","8":"tag-sodra-teatern","9":"entry"},"_links":{"self":[{"href":"https:\/\/kulturbloggen.com\/index.php?rest_route=\/wp\/v2\/posts\/71944","targetHints":{"allow":["GET"]}}],"collection":[{"href":"https:\/\/kulturbloggen.com\/index.php?rest_route=\/wp\/v2\/posts"}],"about":[{"href":"https:\/\/kulturbloggen.com\/index.php?rest_route=\/wp\/v2\/types\/post"}],"author":[{"embeddable":true,"href":"https:\/\/kulturbloggen.com\/index.php?rest_route=\/wp\/v2\/users\/13"}],"replies":[{"embeddable":true,"href":"https:\/\/kulturbloggen.com\/index.php?rest_route=%2Fwp%2Fv2%2Fcomments&post=71944"}],"version-history":[{"count":8,"href":"https:\/\/kulturbloggen.com\/index.php?rest_route=\/wp\/v2\/posts\/71944\/revisions"}],"predecessor-version":[{"id":71953,"href":"https:\/\/kulturbloggen.com\/index.php?rest_route=\/wp\/v2\/posts\/71944\/revisions\/71953"}],"wp:attachment":[{"href":"https:\/\/kulturbloggen.com\/index.php?rest_route=%2Fwp%2Fv2%2Fmedia&parent=71944"}],"wp:term":[{"taxonomy":"category","embeddable":true,"href":"https:\/\/kulturbloggen.com\/index.php?rest_route=%2Fwp%2Fv2%2Fcategories&post=71944"},{"taxonomy":"post_tag","embeddable":true,"href":"https:\/\/kulturbloggen.com\/index.php?rest_route=%2Fwp%2Fv2%2Ftags&post=71944"}],"curies":[{"name":"wp","href":"https:\/\/api.w.org\/{rel}","templated":true}]}}