{"id":71617,"date":"2013-06-14T18:55:55","date_gmt":"2013-06-14T16:55:55","guid":{"rendered":"http:\/\/kulturbloggen.com\/?p=71617"},"modified":"2013-06-14T19:03:24","modified_gmt":"2013-06-14T17:03:24","slug":"kaldolmar-och-kalsipper-en-musikalisk-saga-pa-parkteatern","status":"publish","type":"post","link":"https:\/\/kulturbloggen.com\/?p=71617","title":{"rendered":"K\u00e5ldolmar och Kalsipper &#8211; en musikalisk saga p\u00e5 Parkteatern"},"content":{"rendered":"<p><a href=\"http:\/\/kulturbloggen.com\/wp-content\/uploads\/2013\/06\/Kaldolmar3.jpg\"><img loading=\"lazy\" decoding=\"async\" class=\"aligncenter size-medium wp-image-71618\" alt=\"K\u00e5ldormar och Kalsipper\" src=\"http:\/\/kulturbloggen.com\/wp-content\/uploads\/2013\/06\/Kaldolmar3-300x199.jpg\" width=\"300\" height=\"199\" srcset=\"https:\/\/kulturbloggen.com\/wp-content\/uploads\/2013\/06\/Kaldolmar3-300x199.jpg 300w, https:\/\/kulturbloggen.com\/wp-content\/uploads\/2013\/06\/Kaldolmar3.jpg 425w\" sizes=\"auto, (max-width: 300px) 100vw, 300px\" \/><\/a><\/p>\n<p>K\u00e5ldolmar och Kalsipper<br \/>\nParkteatern, Stockholms stadsteater<br \/>\nFr\u00e5n f\u00f6rest\u00e4llningen i Vinterviken<br \/>\nPremi\u00e4r den 4 juni 2013 i Gal\u00e4rparken<\/p>\n<p>En stor publik samlas under den regniga torsdagskv\u00e4llen f\u00f6r att se f\u00f6rest\u00e4llningen vid namn K\u00e5ldolmar och Kalsipper. Denna musikaliska saga bjuder p\u00e5 f\u00e4rgglada kostymer, ett randigt sp\u00f6ke, politik och massor av underh\u00e5llande s\u00e5nger. Viktor Brobacke inleder f\u00f6rest\u00e4llningen med att bl\u00e5sa i sin guldf\u00e4rgade trumpet. De stora tv\u00e5 vagnarna som fungerar som scen, clowndr\u00e4kterna artisterna har p\u00e5 sig och explosionen av f\u00e4rggrann rekvisita bidrar till en l\u00e4ttsam och somrig atmosf\u00e4r \u2013 fast\u00e4n b\u00e4nkarna i parken \u00e4r bl\u00f6ta och publiken har regnkl\u00e4der p\u00e5 sig. Varken scenografin eller kostymerna \u00e4r tidstypiska. K\u00e4nslan av ett resande och klassiskt teaters\u00e4llskap \u00e4r n\u00e4rvarande.<\/p>\n<p>Sagan ger beskrivningar av flera egendomliga karakt\u00e4rer. Huvudpersonen \u00e4r Yllet \u2013 spelad av Maria Sundbom \u2013 vars v\u00e4nner har blivit kidnappade och inl\u00e5sta i en gruva av de tre onda kungarna som styr i v\u00e4sterlandet. Hennes modiga karakt\u00e4rsdrag \u2013 sj\u00e4lv ser hon sig sj\u00e4lv dock inte som modig \u2013 g\u00f6r henne fast besluten om att r\u00e4dda sina v\u00e4nner. De tre kungarna \u00e4r dock farliga i med att de har en apparat som de f\u00f6rstenar alla sina fiender med.<\/p>\n<p>Under sin resa m\u00f6ter Yllet en nyf\u00f6dd gubbe med ett l\u00e5ngt vitt sk\u00e4gg, det randiga sp\u00f6ket som varit r\u00e4dd f\u00f6r sp\u00f6ken innan han ins\u00e5g att han sj\u00e4lv kunde bli ett och en sj\u00f6r\u00f6vare som rymmer ifr\u00e5n sin vardag som hemmafru och mor. Yllet m\u00f6ter \u00e4ven Agememnon fr\u00e5n Grekland. I sitt hemland sj\u00f6ng han s\u00e5nger f\u00f6r de \u201dtrasiga och sm\u00e5\u201d tills han en dag blev f\u00f6rbjuden att g\u00f6ra det. P\u00e5 grund av detta l\u00e4mnade han Grekland och \u00e5kte till Sverige f\u00f6r att sprida v\u00e4rme h\u00e4r ist\u00e4llet. Det visar sig att \u00e4ven Yllet flyr, hon skulle ha varit hemma till middagen klockan fem \u2013 f\u00f6r en vecka sedan.<\/p>\n<p>Den r\u00f6da tr\u00e5den \u00e4r vag vilket inte ger full tillfredsst\u00e4llelse; \u00e4ven om det var sagans mening att b\u00f6rja med ett l\u00e4ttsamt och roande \u00e4ventyr och avsluta det hela symboliskt och politiskt. Att f\u00f6rsta h\u00e4lften av sagan \u00e4r olik den andra ger en effekt i sig \u2013 man f\u00e5r se stereotypa hj\u00e4ltar som man i slut\u00e4ndan l\u00e4r k\u00e4nna och ser djup i. En mer sammanh\u00e4ngande id\u00e9process vore dock intressant att se.<\/p>\n<p>K\u00e4mpa. Dansa. R\u00f6sta. De tre orden st\u00e5r p\u00e5 scenen med stora r\u00f6da bokst\u00e4ver. Sagan \u00e4r riktad till barn, s\u00e5ngtexterna \u00e4r enkla att f\u00f6lja med i och karakt\u00e4rerna \u00e4r n\u00e5got \u00f6verdrivna till en b\u00f6rjan. I andra h\u00e4lften av sagan b\u00f6rjar dock m\u00e5nga samh\u00e4llsfr\u00e5gor dras upp. \u00c4ven sagans karakt\u00e4rer f\u00e5r ta st\u00e4llning i fr\u00e5gor ang\u00e5ende rasism och politiska fr\u00e5gor. Att rymma ifr\u00e5n vardagskomplikationerna kan vara behagligt och ge en tid att samla nya krafter men tiden att \u00e5terv\u00e4nda kommer till slut och d\u00e5 menar sagan att det \u00e4r dags att k\u00e4mpa, dansa och r\u00f6sta.<\/p>\n<p><a href=\"http:\/\/kulturbloggen.com\/wp-content\/uploads\/2013\/06\/Kalsipper_1.jpg\"><img loading=\"lazy\" decoding=\"async\" class=\"alignright size-medium wp-image-71619\" alt=\"Kalsipper_1\" src=\"http:\/\/kulturbloggen.com\/wp-content\/uploads\/2013\/06\/Kalsipper_1-300x224.jpg\" width=\"300\" height=\"224\" srcset=\"https:\/\/kulturbloggen.com\/wp-content\/uploads\/2013\/06\/Kalsipper_1-300x224.jpg 300w, https:\/\/kulturbloggen.com\/wp-content\/uploads\/2013\/06\/Kalsipper_1.jpg 640w\" sizes=\"auto, (max-width: 300px) 100vw, 300px\" \/><\/a><\/p>\n<p>Regi: Kajsa Isakson<br \/>\nBearbetning: Mathias Worbin<br \/>\nScenografi: Mattias Broberg<br \/>\nKostym: Peter Holm<br \/>\nMask: Erika Nicklasson<br \/>\nKapellm\u00e4stare: Viktor Brobacke<br \/>\nRekvisita: Anja Liedtke<br \/>\nRegiassistent: Elin Unnerman<br \/>\nBitr. regiassistent: Jonas C Wahlstr\u00f6m<br \/>\nScenografassistent: Gabriel Stuart<br \/>\nDekor, kostymer och rekvisita \u00e4r tillverkade<br \/>\ni Stockholms stadsteaters atelj\u00e9er och<br \/>\nverkst\u00e4der.<\/p>\n<p>Medverkande<br \/>\nBer\u00e4ttaren\/K\u00e4rringen: Viktor Brobacke<br \/>\nGubben\/Sp\u00f6ket: Shebly Niavarani<br \/>\nYllet: Maria Sundbom<br \/>\nKung\/Folke\/Valen: Mia Ray<br \/>\nKung\/Tj\u00e4naren: Lisa Larsson<br \/>\nKung\/Sj\u00f6r\u00f6var\u00adJenny: Malin Halland<br \/>\nAgamemnon: Daniel Rossetti<br \/>\nMia Rays medverkan sker i samarbete<br \/>\nmed Riksteatern. Tack till Caf\u00e9z.<br \/>\nClUB KilleRS<br \/>\nGustav Bendt, Viktor Brobacke,<br \/>\nRobban Cronsioe, Anders Kappelin,<br \/>\nPatrik Kolar, Gustav Nahlin, Johan Norin,<br \/>\nDaniel Rossetti, m fl<\/p>\n<p>Bild ovan: Maria Sundbom, Lisa Larsson, Mia Ray och Shebly Niavarani i K\u00e5ldolmar och kalsipper. Foto: Petra Hellberg<\/p>\n<p><strong>Text: Anastasia Brink<\/strong><\/p>\n","protected":false},"excerpt":{"rendered":"<p>K\u00e5ldolmar och Kalsipper Parkteatern, Stockholms stadsteater Fr\u00e5n f\u00f6rest\u00e4llningen i Vinterviken Premi\u00e4r den 4 juni 2013 i Gal\u00e4rparken En stor publik samlas under den regniga torsdagskv\u00e4llen f\u00f6r att se f\u00f6rest\u00e4llningen vid namn K\u00e5ldolmar och Kalsipper. Denna musikaliska saga bjuder p\u00e5 f\u00e4rgglada kostymer, ett randigt sp\u00f6ke, politik och massor av underh\u00e5llande s\u00e5nger. Viktor Brobacke inleder f\u00f6rest\u00e4llningen med [&hellip;]<\/p>\n","protected":false},"author":13,"featured_media":0,"comment_status":"open","ping_status":"open","sticky":false,"template":"","format":"standard","meta":{"_genesis_hide_title":false,"_genesis_hide_breadcrumbs":false,"_genesis_hide_singular_image":false,"_genesis_hide_footer_widgets":false,"_genesis_custom_body_class":"","_genesis_custom_post_class":"","_genesis_layout":"","footnotes":""},"categories":[16,20,30,31],"tags":[1653,4262,9980],"class_list":{"0":"post-71617","1":"post","2":"type-post","3":"status-publish","4":"format-standard","6":"category-recension","7":"category-film","8":"category-teater","9":"category-teaterrecension","10":"tag-familjeforestallning","11":"tag-parkteatern","12":"tag-utomhusteater","13":"entry"},"_links":{"self":[{"href":"https:\/\/kulturbloggen.com\/index.php?rest_route=\/wp\/v2\/posts\/71617","targetHints":{"allow":["GET"]}}],"collection":[{"href":"https:\/\/kulturbloggen.com\/index.php?rest_route=\/wp\/v2\/posts"}],"about":[{"href":"https:\/\/kulturbloggen.com\/index.php?rest_route=\/wp\/v2\/types\/post"}],"author":[{"embeddable":true,"href":"https:\/\/kulturbloggen.com\/index.php?rest_route=\/wp\/v2\/users\/13"}],"replies":[{"embeddable":true,"href":"https:\/\/kulturbloggen.com\/index.php?rest_route=%2Fwp%2Fv2%2Fcomments&post=71617"}],"version-history":[{"count":5,"href":"https:\/\/kulturbloggen.com\/index.php?rest_route=\/wp\/v2\/posts\/71617\/revisions"}],"predecessor-version":[{"id":71624,"href":"https:\/\/kulturbloggen.com\/index.php?rest_route=\/wp\/v2\/posts\/71617\/revisions\/71624"}],"wp:attachment":[{"href":"https:\/\/kulturbloggen.com\/index.php?rest_route=%2Fwp%2Fv2%2Fmedia&parent=71617"}],"wp:term":[{"taxonomy":"category","embeddable":true,"href":"https:\/\/kulturbloggen.com\/index.php?rest_route=%2Fwp%2Fv2%2Fcategories&post=71617"},{"taxonomy":"post_tag","embeddable":true,"href":"https:\/\/kulturbloggen.com\/index.php?rest_route=%2Fwp%2Fv2%2Ftags&post=71617"}],"curies":[{"name":"wp","href":"https:\/\/api.w.org\/{rel}","templated":true}]}}