{"id":7122,"date":"2009-02-14T18:10:30","date_gmt":"2009-02-14T17:10:30","guid":{"rendered":"http:\/\/kulturbloggen.com\/?p=7122"},"modified":"2009-02-14T18:10:30","modified_gmt":"2009-02-14T17:10:30","slug":"lyssna-pa-gaslight-anthem-forband-till-bruce-springsteen","status":"publish","type":"post","link":"https:\/\/kulturbloggen.com\/?p=7122","title":{"rendered":"Lyssna p\u00e5 Gaslight Anthem, f\u00f6rband till Bruce Springsteen"},"content":{"rendered":"<p><img loading=\"lazy\" decoding=\"async\" src=\"http:\/\/sodergren.com\/kulturbloggen\/wp-content\/uploads\/2009\/02\/gaslight290.jpg\" alt=\"gaslight290\" title=\"gaslight290\" width=\"290\" height=\"200\" class=\"alignnone size-full wp-image-7123\" \/><br \/>\nBruce Springsteen and the E Street Band \u00e4r p\u00e5 v\u00e4g ut p\u00e5 turn\u00e9. En av spelningarna \u00e4r i Hyde Park i London. F\u00f6rband d\u00e4r blir The Gasligth Anthem.<br \/>\n<!--more--><br \/>\nH\u00e4r \u00e4r ett pressmeddelande om f\u00f6rbandet:<\/p>\n<blockquote><p>THE GASLIGHT ANTHEM TO SUPPORT BRUCE SPRINGSTEEN AND THE E STREET BAND AT HARD ROCK CALLING<\/p>\n<p>One of the best bands you will hear in 2009, The Gaslight Anthem have the honour of supporting \u2018The Boss\u2019 at this years Hard Rock Calling event in London\u2019s Hyde Park on June 28th<\/p>\n<p>The band, who are currently on a sold out headline tour of Europe, couldn\u2019t be more excited. Singer Brian Fallon says: \u201cObviously it&#8217;s been a dream of mine to play with Bruce and the E Street Band.  It&#8217;s truly an honour, and on top of that for it to be in London, one of my favourite cities anywhere, it&#8217;s a dream. Plus, it&#8217;s two Jersey shore locals playing some rock and roll.\u201d <\/p><\/blockquote>\n<p>The Gaslight Anthem &#8211; &#8221;Drive&#8221;<\/p>\n<p><object width=\"425\" height=\"344\"><param name=\"movie\" value=\"http:\/\/www.youtube.com\/v\/olwVCye_6Do&#038;hl=sv&#038;fs=1\"><\/param><param name=\"allowFullScreen\" value=\"true\"><\/param><param name=\"allowscriptaccess\" value=\"always\"><\/param><embed src=\"http:\/\/www.youtube.com\/v\/olwVCye_6Do&#038;hl=sv&#038;fs=1\" type=\"application\/x-shockwave-flash\" allowscriptaccess=\"always\" allowfullscreen=\"true\" width=\"425\" height=\"344\"><\/embed><\/object><\/p>\n<p>The Gaslight Anthem &#8211; &#8221;I&#8217;da Called You Woody, Joe&#8221;<\/p>\n<p><object width=\"425\" height=\"344\"><param name=\"movie\" value=\"http:\/\/www.youtube.com\/v\/HgWzOElhs0w&#038;hl=sv&#038;fs=1\"><\/param><param name=\"allowFullScreen\" value=\"true\"><\/param><param name=\"allowscriptaccess\" value=\"always\"><\/param><embed src=\"http:\/\/www.youtube.com\/v\/HgWzOElhs0w&#038;hl=sv&#038;fs=1\" type=\"application\/x-shockwave-flash\" allowscriptaccess=\"always\" allowfullscreen=\"true\" width=\"425\" height=\"344\"><\/embed><\/object><\/p>\n<p>Andra bloggar om: <a href=\"http:\/\/bloggar.se\/om\/f%F6rband\" rel=\"tag\">f\u00f6rband<\/a>, <a href=\"http:\/\/bloggar.se\/om\/rock\" rel=\"tag\">rock<\/a>, <a href=\"http:\/\/bloggar.se\/om\/musik\" rel=\"tag\">musik<\/a>, <a href=\"http:\/\/bloggar.se\/om\/Bruce+Springsteen\" rel=\"tag\">Bruce Springsteen<\/a>, <a href=\"http:\/\/bloggar.se\/om\/Gaslight+Anthem\" rel=\"tag\">Gaslight Anthem<\/a><\/p>\n<p><img loading=\"lazy\" decoding=\"async\" src=\"http:\/\/sodergren.com\/kulturbloggen\/wp-content\/uploads\/2009\/02\/gaslight600-300x101.jpg\" alt=\"gaslight600\" title=\"gaslight600\" width=\"300\" height=\"101\" class=\"alignnone size-medium wp-image-7124\" \/><\/p>\n","protected":false},"excerpt":{"rendered":"<p>Bruce Springsteen and the E Street Band \u00e4r p\u00e5 v\u00e4g ut p\u00e5 turn\u00e9. En av spelningarna \u00e4r i Hyde Park i London. F\u00f6rband d\u00e4r blir The Gasligth Anthem.<\/p>\n","protected":false},"author":2,"featured_media":0,"comment_status":"open","ping_status":"open","sticky":false,"template":"","format":"standard","meta":{"_genesis_hide_title":false,"_genesis_hide_breadcrumbs":false,"_genesis_hide_singular_image":false,"_genesis_hide_footer_widgets":false,"_genesis_custom_body_class":"","_genesis_custom_post_class":"","_genesis_layout":"","footnotes":""},"categories":[20],"tags":[1913,12282,4792],"class_list":{"0":"post-7122","1":"post","2":"type-post","3":"status-publish","4":"format-standard","6":"category-film","7":"tag-forband","8":"tag-musik","9":"tag-rock","10":"entry"},"_links":{"self":[{"href":"https:\/\/kulturbloggen.com\/index.php?rest_route=\/wp\/v2\/posts\/7122","targetHints":{"allow":["GET"]}}],"collection":[{"href":"https:\/\/kulturbloggen.com\/index.php?rest_route=\/wp\/v2\/posts"}],"about":[{"href":"https:\/\/kulturbloggen.com\/index.php?rest_route=\/wp\/v2\/types\/post"}],"author":[{"embeddable":true,"href":"https:\/\/kulturbloggen.com\/index.php?rest_route=\/wp\/v2\/users\/2"}],"replies":[{"embeddable":true,"href":"https:\/\/kulturbloggen.com\/index.php?rest_route=%2Fwp%2Fv2%2Fcomments&post=7122"}],"version-history":[{"count":0,"href":"https:\/\/kulturbloggen.com\/index.php?rest_route=\/wp\/v2\/posts\/7122\/revisions"}],"wp:attachment":[{"href":"https:\/\/kulturbloggen.com\/index.php?rest_route=%2Fwp%2Fv2%2Fmedia&parent=7122"}],"wp:term":[{"taxonomy":"category","embeddable":true,"href":"https:\/\/kulturbloggen.com\/index.php?rest_route=%2Fwp%2Fv2%2Fcategories&post=7122"},{"taxonomy":"post_tag","embeddable":true,"href":"https:\/\/kulturbloggen.com\/index.php?rest_route=%2Fwp%2Fv2%2Ftags&post=7122"}],"curies":[{"name":"wp","href":"https:\/\/api.w.org\/{rel}","templated":true}]}}