{"id":71158,"date":"2013-06-03T10:11:20","date_gmt":"2013-06-03T08:11:20","guid":{"rendered":"http:\/\/kulturbloggen.com\/?p=71158"},"modified":"2013-06-03T11:06:13","modified_gmt":"2013-06-03T09:06:13","slug":"depeche-mode-spelar-i-globe-27-juni","status":"publish","type":"post","link":"https:\/\/kulturbloggen.com\/?p=71158","title":{"rendered":"Depeche Mode spelar i Globen den 27 juni"},"content":{"rendered":"<p><a href=\"http:\/\/kulturbloggen.com\/wp-content\/uploads\/2013\/06\/depechemode_globen.jpg\"><img loading=\"lazy\" decoding=\"async\" class=\"aligncenter size-medium wp-image-71159\" alt=\"depechemode_globen\" src=\"http:\/\/kulturbloggen.com\/wp-content\/uploads\/2013\/06\/depechemode_globen-297x300.jpg\" width=\"297\" height=\"300\" srcset=\"https:\/\/kulturbloggen.com\/wp-content\/uploads\/2013\/06\/depechemode_globen-297x300.jpg 297w, https:\/\/kulturbloggen.com\/wp-content\/uploads\/2013\/06\/depechemode_globen.jpg 600w\" sizes=\"auto, (max-width: 297px) 100vw, 297px\" \/><\/a><\/p>\n<p>\u00c4r Globen n\u00e4sta arrang\u00f6r som ska g\u00e5 i konkurs? Depeche Mode spelade p\u00e5 Arvikafestivalen &#8211; och den gick i konkurs. De var bokade till Peace &amp; Love &#8211; och se hur det gick f\u00f6r dem. Men alla som sett fram emot att se Depeche Mode live i sommar kan sikta p\u00e5 att ta sig till Stockholm den 27 juni. Ett pressmeddelande ber\u00e4ttar:<\/p>\n<blockquote><p><em>&#8221;Depeche Mode \u00e4r glada att meddela att de kommer att spela en specialkonsert i Stockholm i Ericsson Globe den 27 juni. Efter att Peace &amp; Love olyckligt f\u00e5tt st\u00e4llas in har bandet tillsammans med Live Nation jobbat h\u00e5rt f\u00f6r att hitta ett s\u00e4tt f\u00f6r de svenska Depeche Mode-fansen att f\u00e5 uppleva Delta Machine Tour denna sommar.<\/em><\/p>\n<p><em>Dessutom, som pl\u00e5ster p\u00e5 s\u00e5ren till alla fans, har bandet satt ihop ett specialerbjudande till Peace &amp; Loves biljettk\u00f6pare.<\/em><\/p>\n<p><em>Depeche Mode erbjuder nu alla som har k\u00f6pt en biljett till Peace &amp; Love 50% rabatt p\u00e5 biljettpriset till Stockholmskonserten den 27 juni. Detta rabatterbjudande g\u00e4ller fr\u00e5n idag m\u00e5ndag den 3 juni kl 16.00 till onsdag den 5 juni kl 07.00. Erbjudandet g\u00e4ller i samtliga priskategorier och det \u00e4r f\u00f6rst till kvarn som g\u00e4ller.<\/em><\/p>\n<p><em>F\u00f6r att ta del av erbjudandet g\u00e5r du in p\u00e5 <a href=\"http:\/\/tickster.com\/pal2013\">tickster.com\/pal2013<\/a>. Du kommer att beh\u00f6va referensnumret fr\u00e5n din Peace &amp; Love-bokning och f\u00f6ljer sedan instruktionerna p\u00e5 hemsidan.&#8221;<\/em><\/p><\/blockquote>\n<p>F\u00f6rk\u00f6psbiljetter till ordinarie pris finns till f\u00f6rs\u00e4ljning mellan onsdag den 5 juni kl. 08.00 och fredag 7 juni kl 08.00. Detta f\u00f6rk\u00f6p \u00e4r endast f\u00f6r American Express Kortmedlemmar och s\u00e4ljs via ticnet.se\/americanexpress. Ordinarie biljettsl\u00e4pp sker fredag den 7 juni kl 09.00. Som support ser vi inga mindre \u00e4n svenska Shout Out Louds.<\/p>\n<p><iframe loading=\"lazy\" src=\"http:\/\/www.youtube.com\/embed\/Fy7FzXLin7o\" height=\"315\" width=\"560\" allowfullscreen=\"\" frameborder=\"0\"><\/iframe><\/p>\n","protected":false},"excerpt":{"rendered":"<p>\u00c4r Globen n\u00e4sta arrang\u00f6r som ska g\u00e5 i konkurs? Depeche Mode spelade p\u00e5 Arvikafestivalen &#8211; och den gick i konkurs. De var bokade till Peace &amp; Love &#8211; och se hur det gick f\u00f6r dem. Men alla som sett fram emot att se Depeche Mode live i sommar kan sikta p\u00e5 att ta sig till [&hellip;]<\/p>\n","protected":false},"author":13,"featured_media":0,"comment_status":"open","ping_status":"open","sticky":false,"template":"","format":"standard","meta":{"_genesis_hide_title":false,"_genesis_hide_breadcrumbs":false,"_genesis_hide_singular_image":false,"_genesis_hide_footer_widgets":false,"_genesis_custom_body_class":"","_genesis_custom_post_class":"","_genesis_layout":"","footnotes":""},"categories":[7],"tags":[1235,2022,4290],"class_list":{"0":"post-71158","1":"post","2":"type-post","3":"status-publish","4":"format-standard","6":"category-musik","7":"tag-depeche-mode","8":"tag-globen","9":"tag-peace-love","10":"entry"},"_links":{"self":[{"href":"https:\/\/kulturbloggen.com\/index.php?rest_route=\/wp\/v2\/posts\/71158","targetHints":{"allow":["GET"]}}],"collection":[{"href":"https:\/\/kulturbloggen.com\/index.php?rest_route=\/wp\/v2\/posts"}],"about":[{"href":"https:\/\/kulturbloggen.com\/index.php?rest_route=\/wp\/v2\/types\/post"}],"author":[{"embeddable":true,"href":"https:\/\/kulturbloggen.com\/index.php?rest_route=\/wp\/v2\/users\/13"}],"replies":[{"embeddable":true,"href":"https:\/\/kulturbloggen.com\/index.php?rest_route=%2Fwp%2Fv2%2Fcomments&post=71158"}],"version-history":[{"count":6,"href":"https:\/\/kulturbloggen.com\/index.php?rest_route=\/wp\/v2\/posts\/71158\/revisions"}],"predecessor-version":[{"id":71169,"href":"https:\/\/kulturbloggen.com\/index.php?rest_route=\/wp\/v2\/posts\/71158\/revisions\/71169"}],"wp:attachment":[{"href":"https:\/\/kulturbloggen.com\/index.php?rest_route=%2Fwp%2Fv2%2Fmedia&parent=71158"}],"wp:term":[{"taxonomy":"category","embeddable":true,"href":"https:\/\/kulturbloggen.com\/index.php?rest_route=%2Fwp%2Fv2%2Fcategories&post=71158"},{"taxonomy":"post_tag","embeddable":true,"href":"https:\/\/kulturbloggen.com\/index.php?rest_route=%2Fwp%2Fv2%2Ftags&post=71158"}],"curies":[{"name":"wp","href":"https:\/\/api.w.org\/{rel}","templated":true}]}}