{"id":7087,"date":"2009-02-12T06:05:19","date_gmt":"2009-02-12T05:05:19","guid":{"rendered":"http:\/\/kulturbloggen.com\/?p=7087"},"modified":"2009-02-12T06:05:19","modified_gmt":"2009-02-12T05:05:19","slug":"en-av-turkiets-stora-konstnarer-staller-ut-pa-pub","status":"publish","type":"post","link":"https:\/\/kulturbloggen.com\/?p=7087","title":{"rendered":"En av Turkiets stora konstn\u00e4rer st\u00e4ller ut p\u00e5 PUB"},"content":{"rendered":"<p><img loading=\"lazy\" decoding=\"async\" src=\"http:\/\/sodergren.com\/kulturbloggen\/wp-content\/uploads\/2009\/02\/turkiet290.jpg\" alt=\"turkiet290\" title=\"turkiet290\" width=\"290\" height=\"200\" class=\"alignnone size-full wp-image-7088\" \/><br \/>\nMitt i Stockholms city, mitt i aff\u00e4rslivet p\u00e5 Drottninggatan st\u00e5r varuhuset PUB och d\u00e4r finns en konsthall som heter Galleri Operatingplace. I slutet av februari visas d\u00e4r en utst\u00e4llning av Ilhan Koman, en av Turkiets stora konstn\u00e4rer.<br \/>\n<!--more--><br \/>\nH\u00e4r \u00e4r pressmeddelandet:<\/p>\n<p>Galleri Operatingplace visar Ilhan Koman (1923-1986), en av Turkiet mest renommerade konstn\u00e4rer, verkade i hela v\u00e4rlden men hade sin bas i Sverige sedan 1958. Ilhan Komans kreativitet har kombinerat konst med vetenskap och g\u00f6r honom till en  representant av en universell ansats som g\u00e5r i arv sedan Leonardo da Vinci .<\/p>\n<p>I Stockholm k\u00e4nner vi fr\u00e4mst till skulpturerna \u201dFrom Leonardo to\u2026\u201d som st\u00e5r utanf\u00f6r Arkitekth\u00f6gskolan, Riksvapnet i Riksdagen samt \u201dVattenvirveln\u201d, Eker\u00f6.<\/p>\n<p>Galleri Operatingplace visar Ilhan Koman  19 februari \u2013 16 mars. D\u00e4refter kommer hans b\u00e5t M\/S Hulda att ligga vid Moderna museets kaj innan den seglar iv\u00e4g p\u00e5 en \u00e5rsl\u00e5ngs seglats, med \u00e5tta stopp i Europa, innan den slutligen n\u00e5r Turkiet.<\/p>\n<p>\u201dSt\u00f6ttad av de vertikala strukturernas vitala kraft, utmanande han oavbrutet d\u00f6dens tendens att gynna horisontal l\u00e4gen\u201d<br \/>\nAbidin Dino beskriver Ilhan Koman <\/p>\n<p>Utst\u00e4llningen startar torsdagen den 19 februari p\u00e5 eftermiddagen.<\/p>\n<p>Galleri Operatingplace<br \/>\nPUB Plan 03<br \/>\nH\u00f6torget, Stockholm<\/p>\n<p><img loading=\"lazy\" decoding=\"async\" src=\"http:\/\/sodergren.com\/kulturbloggen\/wp-content\/uploads\/2009\/02\/vykort-214x300.jpg\" alt=\"vykort\" title=\"vykort\" width=\"214\" height=\"300\" class=\"alignnone size-medium wp-image-7090\" \/><\/p>\n<p>Andra bloggar om: <a href=\"http:\/\/bloggar.se\/om\/konst\" rel=\"tag\">konst<\/a>, <a href=\"http:\/\/bloggar.se\/om\/vernissage\" rel=\"tag\">vernissage<\/a>, <a href=\"http:\/\/bloggar.se\/om\/Turkiet\" rel=\"tag\">Turkiet<\/a>, <a href=\"http:\/\/bloggar.se\/om\/Operating+Place\" rel=\"tag\">Operating Place<\/a>, <a href=\"http:\/\/bloggar.se\/om\/PUB\" rel=\"tag\">PUB<\/a>, <a href=\"http:\/\/bloggar.se\/om\/Stockholm\" rel=\"tag\">Stockholm<\/a><\/p>\n","protected":false},"excerpt":{"rendered":"<p>Mitt i Stockholms city, mitt i aff\u00e4rslivet p\u00e5 Drottninggatan st\u00e5r varuhuset PUB och d\u00e4r finns en konsthall som heter Galleri Operatingplace. I slutet av februari visas d\u00e4r en utst\u00e4llning av Ilhan Koman, en av Turkiets stora konstn\u00e4rer.<\/p>\n","protected":false},"author":2,"featured_media":0,"comment_status":"open","ping_status":"open","sticky":false,"template":"","format":"standard","meta":{"_genesis_hide_title":false,"_genesis_hide_breadcrumbs":false,"_genesis_hide_singular_image":false,"_genesis_hide_footer_widgets":false,"_genesis_custom_body_class":"","_genesis_custom_post_class":"","_genesis_layout":"","footnotes":""},"categories":[20],"tags":[3009,6002,6214],"class_list":{"0":"post-7087","1":"post","2":"type-post","3":"status-publish","4":"format-standard","6":"category-film","7":"tag-konst","8":"tag-turkiet","9":"tag-vernissage","10":"entry"},"_links":{"self":[{"href":"https:\/\/kulturbloggen.com\/index.php?rest_route=\/wp\/v2\/posts\/7087","targetHints":{"allow":["GET"]}}],"collection":[{"href":"https:\/\/kulturbloggen.com\/index.php?rest_route=\/wp\/v2\/posts"}],"about":[{"href":"https:\/\/kulturbloggen.com\/index.php?rest_route=\/wp\/v2\/types\/post"}],"author":[{"embeddable":true,"href":"https:\/\/kulturbloggen.com\/index.php?rest_route=\/wp\/v2\/users\/2"}],"replies":[{"embeddable":true,"href":"https:\/\/kulturbloggen.com\/index.php?rest_route=%2Fwp%2Fv2%2Fcomments&post=7087"}],"version-history":[{"count":0,"href":"https:\/\/kulturbloggen.com\/index.php?rest_route=\/wp\/v2\/posts\/7087\/revisions"}],"wp:attachment":[{"href":"https:\/\/kulturbloggen.com\/index.php?rest_route=%2Fwp%2Fv2%2Fmedia&parent=7087"}],"wp:term":[{"taxonomy":"category","embeddable":true,"href":"https:\/\/kulturbloggen.com\/index.php?rest_route=%2Fwp%2Fv2%2Fcategories&post=7087"},{"taxonomy":"post_tag","embeddable":true,"href":"https:\/\/kulturbloggen.com\/index.php?rest_route=%2Fwp%2Fv2%2Ftags&post=7087"}],"curies":[{"name":"wp","href":"https:\/\/api.w.org\/{rel}","templated":true}]}}