{"id":7048,"date":"2009-02-10T07:23:30","date_gmt":"2009-02-10T06:23:30","guid":{"rendered":"http:\/\/kulturbloggen.com\/?p=7048"},"modified":"2009-02-10T07:23:30","modified_gmt":"2009-02-10T06:23:30","slug":"sapoperastudion-trevligt-uppfriskande-program-mitt-pa-dagen","status":"publish","type":"post","link":"https:\/\/kulturbloggen.com\/?p=7048","title":{"rendered":"S\u00e5poperastudion &#8211; trevligt uppfriskande program mitt p\u00e5 dagen"},"content":{"rendered":"<p><img loading=\"lazy\" decoding=\"async\" src=\"http:\/\/sodergren.com\/kulturbloggen\/wp-content\/uploads\/2009\/02\/sapopera290.jpg\" alt=\"sapopera290\" title=\"sapopera290\" width=\"290\" height=\"200\" class=\"alignnone size-full wp-image-7049\" \/><br \/>\nNu har jag precis lyssnat p\u00e5 premi\u00e4rprogrammet p\u00e5 S\u00e5poperastudion Vilket trevligt och uppfriskande program mitt p\u00e5 dagen.<br \/>\n<!--more--><br \/>\nJa, jag brukar inte lyssna s\u00e5 mycket p\u00e5 radion, men detta ville jag absolut inte missa. Efter all reklam, \u00e4r det ju sv\u00e5rt. Det \u00e4r bara att leta upp Sveriges Radio P2 och b\u00f6rja lyssna. Varje m\u00e5ndag klockan 12.30 och n\u00e5gra veckor fram. Om du missar n\u00e5got inslag s\u00e5 finns programmet kvar att lyssna p\u00e5 i trettio dagar efter att programmet har s\u00e4nts.<br \/>\nMogens H Andersson<br \/>\n<a href=\"http:\/\/mogensblogg.blogspot.com\/2009\/02\/premiar-pa-programmet-sapoperastudion-i.html\">Vill du l\u00e4sa mer g\u00e5 till min blogg<\/a> <\/p>\n<p><img loading=\"lazy\" decoding=\"async\" src=\"http:\/\/sodergren.com\/kulturbloggen\/wp-content\/uploads\/2009\/02\/sapopera600-300x100.jpg\" alt=\"sapopera600\" title=\"sapopera600\" width=\"300\" height=\"100\" class=\"alignnone size-medium wp-image-7050\" \/><\/p>\n<p>Andra bloggar om: <a href=\"http:\/\/bloggar.se\/om\/radio\" rel=\"tag\">radio<\/a>, <a href=\"http:\/\/bloggar.se\/om\/live\" rel=\"tag\">live<\/a>, <a href=\"http:\/\/bloggar.se\/om\/opera\" rel=\"tag\">opera<\/a>, <a href=\"http:\/\/bloggar.se\/om\/s%E5popera\" rel=\"tag\">s\u00e5popera<\/a><\/p>\n","protected":false},"excerpt":{"rendered":"<p>Nu har jag precis lyssnat p\u00e5 premi\u00e4rprogrammet p\u00e5 S\u00e5poperastudion Vilket trevligt och uppfriskande program mitt p\u00e5 dagen.<\/p>\n","protected":false},"author":13,"featured_media":0,"comment_status":"open","ping_status":"open","sticky":false,"template":"","format":"standard","meta":{"_genesis_hide_title":false,"_genesis_hide_breadcrumbs":false,"_genesis_hide_singular_image":false,"_genesis_hide_footer_widgets":false,"_genesis_custom_body_class":"","_genesis_custom_post_class":"","_genesis_layout":"","footnotes":""},"categories":[20],"tags":[3320,4147,4623],"class_list":["post-7048","post","type-post","status-publish","format-standard","category-film","tag-live","tag-opera","tag-radio","entry"],"_links":{"self":[{"href":"https:\/\/kulturbloggen.com\/index.php?rest_route=\/wp\/v2\/posts\/7048","targetHints":{"allow":["GET"]}}],"collection":[{"href":"https:\/\/kulturbloggen.com\/index.php?rest_route=\/wp\/v2\/posts"}],"about":[{"href":"https:\/\/kulturbloggen.com\/index.php?rest_route=\/wp\/v2\/types\/post"}],"author":[{"embeddable":true,"href":"https:\/\/kulturbloggen.com\/index.php?rest_route=\/wp\/v2\/users\/13"}],"replies":[{"embeddable":true,"href":"https:\/\/kulturbloggen.com\/index.php?rest_route=%2Fwp%2Fv2%2Fcomments&post=7048"}],"version-history":[{"count":0,"href":"https:\/\/kulturbloggen.com\/index.php?rest_route=\/wp\/v2\/posts\/7048\/revisions"}],"wp:attachment":[{"href":"https:\/\/kulturbloggen.com\/index.php?rest_route=%2Fwp%2Fv2%2Fmedia&parent=7048"}],"wp:term":[{"taxonomy":"category","embeddable":true,"href":"https:\/\/kulturbloggen.com\/index.php?rest_route=%2Fwp%2Fv2%2Fcategories&post=7048"},{"taxonomy":"post_tag","embeddable":true,"href":"https:\/\/kulturbloggen.com\/index.php?rest_route=%2Fwp%2Fv2%2Ftags&post=7048"}],"curies":[{"name":"wp","href":"https:\/\/api.w.org\/{rel}","templated":true}]}}