{"id":70350,"date":"2013-05-07T20:41:56","date_gmt":"2013-05-07T18:41:56","guid":{"rendered":"http:\/\/kulturbloggen.com\/?p=70350"},"modified":"2013-05-07T20:45:00","modified_gmt":"2013-05-07T18:45:00","slug":"releasefest-for-sofie-sarenbrants-andra-andningen","status":"publish","type":"post","link":"https:\/\/kulturbloggen.com\/?p=70350","title":{"rendered":"Releasefest f\u00f6r Sofie Sarenbrants Andra andningen"},"content":{"rendered":"<p><a href=\"http:\/\/kulturbloggen.com\/wp-content\/uploads\/2013\/05\/Sofie.jpg\"><img loading=\"lazy\" decoding=\"async\" src=\"http:\/\/kulturbloggen.com\/wp-content\/uploads\/2013\/05\/Sofie.jpg\" alt=\"Sofie\" width=\"184\" height=\"276\" class=\"aligncenter size-full wp-image-70354\" \/><\/a><\/p>\n<p>Tempo. Maraton. Sp\u00e4nning. Med dessa tre ord beskriver Sofie Sarenbrant sin nya deckarroman. I spegelbaren anordnar Damm f\u00f6rlag releasefesten f\u00f6r Sarenbrants fj\u00e4rde deckare. Framme vid bardisken finns bubbel och olika sorts tilltugg, de inbjudna dyker upp allt eftersom. <\/p>\n<p>Releasefesten \u00e4r t\u00e4mligen hemtrevlig \u2013 Sarenbrant h\u00e4lsar alla g\u00e4ster v\u00e4lkomna och ett naturligt mingel s\u00e4tts ig\u00e5ng. Kristallkronorna gl\u00e4nser vid sidan om och det blir s\u00e5 sm\u00e5ningom tr\u00e5ngt i baren. F\u00f6rfattarinnan f\u00f6rs\u00f6ker g\u00e5 runt och mingla med s\u00e5 m\u00e5nga som m\u00f6jligt. B\u00f6ckerna blir signerade och det fotograferas i massor. \u00c4ntligen f\u00e5r Sarenbrants tv\u00e5 d\u00f6ttrar f\u00e5 se vad hon arbetar med!<\/p>\n<p>Sarenbrant \u00e4r f\u00f6rfattare, fotograf och journalist. Hon har ocks\u00e5 bloggat p\u00e5 Amelia tidigare. Idag \u00e4r det dock Instagram och Twitter som g\u00e4ller. Hennes hittills tre utgivna deckarromaner har i dagsl\u00e4get blivit s\u00e5lda till 8 l\u00e4nder. <\/p>\n<p>Sj\u00e4lva deckarromanen handlar om Stockholm maraton. Under en kall sommardag faller n\u00e5gra l\u00f6pare ihop och mister livet under samma dag. Fr\u00e5gan p\u00e5 baksidan av bokomslaget \u00e4r i fall det kan finnas en m\u00f6rdare bland l\u00f6parna. Min fr\u00e5ga \u00e4r \u2013 i fall jag l\u00e4ser deckarromanen, kommer jag kunna l\u00f6pa i lugn och ro efter\u00e5t? <\/p>\n<p>Foto: Lars Trangius<\/p>\n<p><strong>Text: Anastasia Brink<\/strong><\/p>\n","protected":false},"excerpt":{"rendered":"<p>Tempo. Maraton. Sp\u00e4nning. Med dessa tre ord beskriver Sofie Sarenbrant sin nya deckarroman. I spegelbaren anordnar Damm f\u00f6rlag releasefesten f\u00f6r Sarenbrants fj\u00e4rde deckare. Framme vid bardisken finns bubbel och olika sorts tilltugg, de inbjudna dyker upp allt eftersom. Releasefesten \u00e4r t\u00e4mligen hemtrevlig \u2013 Sarenbrant h\u00e4lsar alla g\u00e4ster v\u00e4lkomna och ett naturligt mingel s\u00e4tts ig\u00e5ng. Kristallkronorna [&hellip;]<\/p>\n","protected":false},"author":13,"featured_media":0,"comment_status":"open","ping_status":"open","sticky":false,"template":"","format":"standard","meta":{"_genesis_hide_title":false,"_genesis_hide_breadcrumbs":false,"_genesis_hide_singular_image":false,"_genesis_hide_footer_widgets":false,"_genesis_custom_body_class":"","_genesis_custom_post_class":"","_genesis_layout":"","footnotes":""},"categories":[3],"tags":[790],"class_list":{"0":"post-70350","1":"post","2":"type-post","3":"status-publish","4":"format-standard","6":"category-litteratur","7":"tag-bokrelease","8":"entry"},"_links":{"self":[{"href":"https:\/\/kulturbloggen.com\/index.php?rest_route=\/wp\/v2\/posts\/70350","targetHints":{"allow":["GET"]}}],"collection":[{"href":"https:\/\/kulturbloggen.com\/index.php?rest_route=\/wp\/v2\/posts"}],"about":[{"href":"https:\/\/kulturbloggen.com\/index.php?rest_route=\/wp\/v2\/types\/post"}],"author":[{"embeddable":true,"href":"https:\/\/kulturbloggen.com\/index.php?rest_route=\/wp\/v2\/users\/13"}],"replies":[{"embeddable":true,"href":"https:\/\/kulturbloggen.com\/index.php?rest_route=%2Fwp%2Fv2%2Fcomments&post=70350"}],"version-history":[{"count":5,"href":"https:\/\/kulturbloggen.com\/index.php?rest_route=\/wp\/v2\/posts\/70350\/revisions"}],"predecessor-version":[{"id":70355,"href":"https:\/\/kulturbloggen.com\/index.php?rest_route=\/wp\/v2\/posts\/70350\/revisions\/70355"}],"wp:attachment":[{"href":"https:\/\/kulturbloggen.com\/index.php?rest_route=%2Fwp%2Fv2%2Fmedia&parent=70350"}],"wp:term":[{"taxonomy":"category","embeddable":true,"href":"https:\/\/kulturbloggen.com\/index.php?rest_route=%2Fwp%2Fv2%2Fcategories&post=70350"},{"taxonomy":"post_tag","embeddable":true,"href":"https:\/\/kulturbloggen.com\/index.php?rest_route=%2Fwp%2Fv2%2Ftags&post=70350"}],"curies":[{"name":"wp","href":"https:\/\/api.w.org\/{rel}","templated":true}]}}