{"id":6979,"date":"2009-02-06T19:37:26","date_gmt":"2009-02-06T18:37:26","guid":{"rendered":"http:\/\/kulturbloggen.com\/?p=6979"},"modified":"2009-02-06T19:37:26","modified_gmt":"2009-02-06T18:37:26","slug":"puccinis-la-boheme-i-goteborg","status":"publish","type":"post","link":"https:\/\/kulturbloggen.com\/?p=6979","title":{"rendered":"Puccinis La Boh\u00e8me i G\u00f6teborg"},"content":{"rendered":"<p><img loading=\"lazy\" decoding=\"async\" src=\"http:\/\/sodergren.com\/kulturbloggen\/wp-content\/uploads\/2009\/02\/laboheme290.jpg\" alt=\"laboheme290\" title=\"laboheme290\" width=\"290\" height=\"200\" class=\"alignright size-full wp-image-6981\" \/><br \/>\n\u00c4nda sedan premi\u00e4ren har jag f\u00f6rs\u00f6kt att f\u00e5 biljetter till G\u00f6teborgsOperans upps\u00e4ttning av Giacomo Puccinis Boh\u00e8me.<\/p>\n<p>Och nu var det allts\u00e5 dags att se f\u00f6rest\u00e4llningen. Jag har h\u00f6rt och l\u00e4st ganska mycket om f\u00f6rest\u00e4llningen, n\u00e5got negativt men det mesta har varit positivt. D\u00e4rf\u00f6r var jag angel\u00e4gen att se upps\u00e4ttningen med Bulent Bezduz som Rodolfo. F\u00f6rest\u00e4llning var bland de sista m\u00f6jligheterna. F\u00f6rest\u00e4llningen kommer dock att forts\u00e4tta fram till 15 maj, men med en annan Rodolfo.<br \/>\n<!--more--><br \/>\nLa Boh\u00e8me som jag f\u00f6redrar att kalla operan, \u00e4r nog den \u00e5ttonde upps\u00e4ttningen som jag ser, men det \u00e4r en opera som man enligt min uppfattning kan se hur m\u00e5nga g\u00e5nger som helst, inte minst f\u00f6r den underbara musikens skull. H\u00e4r kan man h\u00f6ra att Puccini \u00e4r den f\u00f6dde m\u00e4staren, som dessutom bara blir b\u00e4ttre och b\u00e4ttre.<\/p>\n<p>Mogens H Andersson<br \/>\n<a href=\"http:\/\/mogensblogg.blogspot.com\/2009\/02\/boheme-pa-goteborgsoperan.html\">Vill du l\u00e4sa mer. g\u00e5 till min blogg.<\/a><\/p>\n<p><img loading=\"lazy\" decoding=\"async\" src=\"http:\/\/sodergren.com\/kulturbloggen\/wp-content\/uploads\/2009\/02\/laboheme600-300x100.jpg\" alt=\"laboheme600\" title=\"laboheme600\" width=\"300\" height=\"100\" class=\"alignright size-medium wp-image-6982\" \/><\/p>\n<p>Andra bloggar om: <a href=\"http:\/\/bloggar.se\/om\/opera\" rel=\"tag\">opera<\/a>, <a href=\"http:\/\/bloggar.se\/om\/musik\" rel=\"tag\">musik<\/a>, <a href=\"http:\/\/bloggar.se\/om\/G%F6teborg\" rel=\"tag\">G\u00f6teborg<\/a>, <a href=\"http:\/\/bloggar.se\/om\/La+Boheme\" rel=\"tag\">La Boheme<\/a><\/p>\n","protected":false},"excerpt":{"rendered":"<p>\u00c4nda sedan premi\u00e4ren har jag f\u00f6rs\u00f6kt att f\u00e5 biljetter till G\u00f6teborgsOperans upps\u00e4ttning av Giacomo Puccinis Boh\u00e8me. Och nu var det allts\u00e5 dags att se f\u00f6rest\u00e4llningen. Jag har h\u00f6rt och l\u00e4st ganska mycket om f\u00f6rest\u00e4llningen, n\u00e5got negativt men det mesta har varit positivt. D\u00e4rf\u00f6r var jag angel\u00e4gen att se upps\u00e4ttningen med Bulent Bezduz som Rodolfo. F\u00f6rest\u00e4llning [&hellip;]<\/p>\n","protected":false},"author":13,"featured_media":0,"comment_status":"open","ping_status":"open","sticky":false,"template":"","format":"standard","meta":{"_genesis_hide_title":false,"_genesis_hide_breadcrumbs":false,"_genesis_hide_singular_image":false,"_genesis_hide_footer_widgets":false,"_genesis_custom_body_class":"","_genesis_custom_post_class":"","_genesis_layout":"","footnotes":""},"categories":[20],"tags":[2159,12282,4147],"class_list":{"0":"post-6979","1":"post","2":"type-post","3":"status-publish","4":"format-standard","6":"category-film","7":"tag-goteborg","8":"tag-musik","9":"tag-opera","10":"entry"},"_links":{"self":[{"href":"https:\/\/kulturbloggen.com\/index.php?rest_route=\/wp\/v2\/posts\/6979","targetHints":{"allow":["GET"]}}],"collection":[{"href":"https:\/\/kulturbloggen.com\/index.php?rest_route=\/wp\/v2\/posts"}],"about":[{"href":"https:\/\/kulturbloggen.com\/index.php?rest_route=\/wp\/v2\/types\/post"}],"author":[{"embeddable":true,"href":"https:\/\/kulturbloggen.com\/index.php?rest_route=\/wp\/v2\/users\/13"}],"replies":[{"embeddable":true,"href":"https:\/\/kulturbloggen.com\/index.php?rest_route=%2Fwp%2Fv2%2Fcomments&post=6979"}],"version-history":[{"count":0,"href":"https:\/\/kulturbloggen.com\/index.php?rest_route=\/wp\/v2\/posts\/6979\/revisions"}],"wp:attachment":[{"href":"https:\/\/kulturbloggen.com\/index.php?rest_route=%2Fwp%2Fv2%2Fmedia&parent=6979"}],"wp:term":[{"taxonomy":"category","embeddable":true,"href":"https:\/\/kulturbloggen.com\/index.php?rest_route=%2Fwp%2Fv2%2Fcategories&post=6979"},{"taxonomy":"post_tag","embeddable":true,"href":"https:\/\/kulturbloggen.com\/index.php?rest_route=%2Fwp%2Fv2%2Ftags&post=6979"}],"curies":[{"name":"wp","href":"https:\/\/api.w.org\/{rel}","templated":true}]}}