{"id":69635,"date":"2013-04-20T10:14:23","date_gmt":"2013-04-20T08:14:23","guid":{"rendered":"http:\/\/kulturbloggen.com\/?p=69635"},"modified":"2013-04-25T09:35:57","modified_gmt":"2013-04-25T07:35:57","slug":"spanning-relationer-och-magi-i-stormskaparna","status":"publish","type":"post","link":"https:\/\/kulturbloggen.com\/?p=69635","title":{"rendered":"Sp\u00e4nning, relationer och magi i Stormskaparna"},"content":{"rendered":"<p><a href=\"http:\/\/kulturbloggen.com\/wp-content\/uploads\/2013\/04\/StormkapnCMYK_9173.jpg\"><img loading=\"lazy\" decoding=\"async\" src=\"http:\/\/kulturbloggen.com\/wp-content\/uploads\/2013\/04\/StormkapnCMYK_9173.jpg\" alt=\"StormkapnCMYK_9173\" width=\"159\" height=\"221\" class=\"aligncenter size-full wp-image-69636\" \/><\/a><\/p>\n<p>Titel: <a href=\"http:\/\/www.adlibris.com\/se\/product.aspx?isbn=9132161700\" target=\"_blank\">Stormskaparna<\/a><br \/>\nF\u00f6rfattare: Jennifer E. Smith<br \/>\nIllustrationer: Brett Helquist<br \/>\n\u00d6vers\u00e4ttning: Carina Jansson<br \/>\nF\u00f6rlag: <a href=\"http:\/\/www.wahlstroms.se\/Bocker\/Bokpresentationssida\/?articleId=9173\" target=\"_blank\">B. Wahlstr\u00f6ms Bokf\u00f6rlag<\/a><br \/>\nUtgiven: 201302 (i Sverige\/2012 original)<br \/>\nISBN: 978-91-32-16170-4<\/p>\n<p>\u201d<a href=\"http:\/\/www.bokus.com\/bok\/9789132161704\/stormskaparna\/\" target=\"_blank\">Stormskaparna<\/a>\u201d \u00e4r en l\u00e4ttl\u00e4st och sp\u00e4nnande bok som riktar sig till l\u00e4sare i \u00e5ldern 9-12 \u00e5r. Den har vackra svartvita illustrationer och lagom l\u00e5nga kapitel som vart och ett inleds med en bild av en barometer som indikerar vart\u00e5t handlingen \u00e4r p\u00e5 v\u00e4g. <\/p>\n<p>F\u00f6rsta kapitlet inleds med att barometerns n\u00e5l pekar mot \u201dstiltje\u201d. Huvudpersonen Ruby uppt\u00e4cker en fr\u00e4mling som verkar ha sovit i familjens lada. Den ok\u00e4nde mannen f\u00f6rsvinner mystiskt bland de torra vetef\u00e4lten, men n\u00e4r hon \u00e4r ute p\u00e5 en cykeltur f\u00e5r Ruby syn p\u00e5 honom igen. Fr\u00e4mlingen, som heter Otis, ber\u00e4ttar att det \u00e4r n\u00e5got magiskt med hennes tvillingbror Simon, och snart ser hon ett samband mellan det konstiga v\u00e4dret och Simons pl\u00f6tsliga feber. Det visar sig att han \u00e4r en stormskapare \u2013 en person som kan p\u00e5verka v\u00e4dret. Stormskapare har traditionellt sett anv\u00e4nt sina krafter f\u00f6r att hj\u00e4lpa m\u00e4nniskor, men den nye ordf\u00f6randen f\u00f6r deras samfund vill hellre straffa folk f\u00f6r att de inte tar klimatfr\u00e5gan p\u00e5 allvar. Nu blir det br\u00e5ttom f\u00f6r Simon att l\u00e4ra sig kontrollera sina krafter, innan n\u00e4sta stora katastrof intr\u00e4ffar\u2026<\/p>\n<p>Ett vanligt tema i barn- och ungdomsb\u00f6cker, och ett s\u00e4tt att h\u00e5lla l\u00e4saren ovetande, \u00e4r genom of\u00f6rst\u00e5ende vuxna. I \u201dStormskaparna\u201d g\u00f6r otydligheten i kommunikationen mellan barn och vuxen att det blir mer sp\u00e4nnande. F\u00f6r\u00e4ldrarna vill eller v\u00e5gar inte ber\u00e4tta viktiga saker f\u00f6r tvillingarna, och de i sin tur h\u00e5ller den magiska v\u00e4rlden hemlig. Den h\u00e4r alternativa v\u00e4rlden p\u00e5minner mycket om Harry Potter-b\u00f6ckerna, med den utvalda pojken och det hemliga men ocks\u00e5 v\u00e4ldigt strikta h\u00f6gkvarteret d\u00e4r magiska beslut fattas. Skillnaden \u00e4r fokuset p\u00e5 vetenskap och v\u00e4der, men likt Hermione \u00e4r det Ruby som har mest insikt. Bland stormskaparna finns det vuxna som tar barnen p\u00e5 allvar \u00e4ven om de ocks\u00e5 kan vara nyckfulla och skr\u00e4mmas. Det som ber\u00f6r mig mest under l\u00e4sningen \u00e4r Rubys beskrivning av relationen till sin bror: sorgen \u00f6ver avst\u00e5ndet som skapats mellan dem och hur de f\u00f6rs\u00f6ker att \u00e5ter n\u00e4rma sig varandra. <\/p>\n<p>Kanske f\u00f6r att det \u00e4r en amerikansk bok, och jag \u00e4r en svensk l\u00e4sare, funderar jag \u00f6ver k\u00f6nsrollerna. Mamman och Ruby diskar medan pappan mekar med sin uppfinning i ladan. De tv\u00e5 manliga stormskaparna Otis och London har st\u00f6rst auktoritet, och s\u00e5klart \u00e4r det pojken Simon som \u00e4r den utvalde. D\u00e4remot \u00e4r det Ruby som har koll p\u00e5 vetenskap, och stormskaparen Daisy \u00e4r bilmekaniker, s\u00e5 vissa ljuspunkter finns. Kanske kan man se mammans kakbakande f\u00f6rfattarens s\u00e4tt att skapa trygghet i en stormig v\u00e4rld, och en ov\u00e4ntad v\u00e4ndning i slutet f\u00f6r\u00e4ndrar ocks\u00e5 balansen till det b\u00e4ttre. <\/p>\n<p>D\u00e4remot undrar jag om inte ordf\u00f6randen Rupert London har en po\u00e4ng i att m\u00e4nniskorna b\u00f6r v\u00e4ckas och se sitt ansvar f\u00f6r milj\u00f6n? Men den fr\u00e5gan villas bort i den allm\u00e4nna sp\u00e4nningen och i Londons personliga motiv f\u00f6r sitt handlande. Kanske tas den upp igen i en uppf\u00f6ljare\u2026? <\/p>\n<p><strong>Text: Frida Niblaeus<\/strong><\/p>\n","protected":false},"excerpt":{"rendered":"<p>Titel: Stormskaparna F\u00f6rfattare: Jennifer E. Smith Illustrationer: Brett Helquist \u00d6vers\u00e4ttning: Carina Jansson F\u00f6rlag: B. Wahlstr\u00f6ms Bokf\u00f6rlag Utgiven: 201302 (i Sverige\/2012 original) ISBN: 978-91-32-16170-4 \u201dStormskaparna\u201d \u00e4r en l\u00e4ttl\u00e4st och sp\u00e4nnande bok som riktar sig till l\u00e4sare i \u00e5ldern 9-12 \u00e5r. Den har vackra svartvita illustrationer och lagom l\u00e5nga kapitel som vart och ett inleds med en [&hellip;]<\/p>\n","protected":false},"author":13,"featured_media":0,"comment_status":"open","ping_status":"open","sticky":false,"template":"","format":"standard","meta":{"_genesis_hide_title":false,"_genesis_hide_breadcrumbs":false,"_genesis_hide_singular_image":false,"_genesis_hide_footer_widgets":false,"_genesis_custom_body_class":"","_genesis_custom_post_class":"","_genesis_layout":"","footnotes":""},"categories":[43,3,16],"tags":[],"class_list":{"0":"post-69635","1":"post","2":"type-post","3":"status-publish","4":"format-standard","6":"category-bokrecension","7":"category-litteratur","8":"category-recension","9":"entry"},"_links":{"self":[{"href":"https:\/\/kulturbloggen.com\/index.php?rest_route=\/wp\/v2\/posts\/69635","targetHints":{"allow":["GET"]}}],"collection":[{"href":"https:\/\/kulturbloggen.com\/index.php?rest_route=\/wp\/v2\/posts"}],"about":[{"href":"https:\/\/kulturbloggen.com\/index.php?rest_route=\/wp\/v2\/types\/post"}],"author":[{"embeddable":true,"href":"https:\/\/kulturbloggen.com\/index.php?rest_route=\/wp\/v2\/users\/13"}],"replies":[{"embeddable":true,"href":"https:\/\/kulturbloggen.com\/index.php?rest_route=%2Fwp%2Fv2%2Fcomments&post=69635"}],"version-history":[{"count":5,"href":"https:\/\/kulturbloggen.com\/index.php?rest_route=\/wp\/v2\/posts\/69635\/revisions"}],"predecessor-version":[{"id":69867,"href":"https:\/\/kulturbloggen.com\/index.php?rest_route=\/wp\/v2\/posts\/69635\/revisions\/69867"}],"wp:attachment":[{"href":"https:\/\/kulturbloggen.com\/index.php?rest_route=%2Fwp%2Fv2%2Fmedia&parent=69635"}],"wp:term":[{"taxonomy":"category","embeddable":true,"href":"https:\/\/kulturbloggen.com\/index.php?rest_route=%2Fwp%2Fv2%2Fcategories&post=69635"},{"taxonomy":"post_tag","embeddable":true,"href":"https:\/\/kulturbloggen.com\/index.php?rest_route=%2Fwp%2Fv2%2Ftags&post=69635"}],"curies":[{"name":"wp","href":"https:\/\/api.w.org\/{rel}","templated":true}]}}