{"id":69340,"date":"2013-04-13T23:06:02","date_gmt":"2013-04-13T21:06:02","guid":{"rendered":"http:\/\/kulturbloggen.com\/?p=69340"},"modified":"2013-04-18T21:32:24","modified_gmt":"2013-04-18T19:32:24","slug":"kulturbloggen-traffar-konfront-for-ett-samtal-om-forestallningen-paradiset","status":"publish","type":"post","link":"https:\/\/kulturbloggen.com\/?p=69340","title":{"rendered":"Kulturbloggen tr\u00e4ffar Konfront f\u00f6r ett samtal om f\u00f6rest\u00e4llningen PARadiset"},"content":{"rendered":"<p><a href=\"http:\/\/kulturbloggen.com\/wp-content\/uploads\/2013\/04\/PAR_4_3001.jpg\"><img loading=\"lazy\" decoding=\"async\" class=\"aligncenter size-full wp-image-69341\" alt=\"PAR_4_300\" src=\"http:\/\/kulturbloggen.com\/wp-content\/uploads\/2013\/04\/PAR_4_3001.jpg\" width=\"300\" height=\"200\" \/><\/a><\/p>\n<p><strong><em><a href=\"http:\/\/www.konfront.nu\" target=\"_blank\">Konfront <\/a><\/em>beskriver sig sj\u00e4lva som ett forum f\u00f6r konstn\u00e4rlig verksamhet. Just nu spelas deras upps\u00e4ttning PARadiset p\u00e5 Strindbergs Intima Teater i Stockholm. Jag tr\u00e4ffade regiss\u00f6ren Johanna Holmstr\u00f6m och sk\u00e5despelaren Emma Broom\u00e9, en vecka f\u00f6re premi\u00e4ren, f\u00f6r ett samtal om k\u00e4rlek, normer och dr\u00f6mmar. <\/strong><\/p>\n<p>Klockan \u00e4r fyra och repetitionerna f\u00f6r dagen \u00e4r \u00f6ver. P\u00e5 v\u00e4gen in till teatern m\u00f6ter jag Johanna och Emma som f\u00f6rklarar att de bara ska k\u00f6pa mj\u00f6lk till kaffet och att de strax \u00e4r tillbaka. Det m\u00e4rks att arbetet \u00e4r inne i sitt slutskede, sladdar ligger l\u00e4ngs scengolvet och olika ljuss\u00e4ttningar testas. Konfronts producent Oskar Samson visar mig till k\u00f6ket, ett mysigt rum med en knallrosa vaxduk p\u00e5 bordet, och bjuder p\u00e5 kaffe. Strax \u00e4r Johanna och Emma tillbaka med mj\u00f6lkpaket i h\u00e4nderna och intervjun kan b\u00f6rja.<\/p>\n<p>PARadiset handlar om tre unga kvinnor och deras reflektioner \u00f6ver k\u00e4rlek. F\u00f6rest\u00e4llningen b\u00f6rjar med ett br\u00f6llop som inte blir av. Bruden, spelad av Andrea Edwards, har \u00e5ngrat sig och vill inte alls gifta sig l\u00e4ngre. B\u00e4sta v\u00e4nnerna och t\u00e4rnorna, spelade av Maja Bj\u00f6rkqvist och Emma Broom\u00e9, f\u00f6rs\u00f6ker f\u00f6rg\u00e4ves att \u00f6vertala henne att visst gifta sig. Brudgummen st\u00e5r ju utanf\u00f6r och v\u00e4ntar. Det g\u00e5r inte, och ist\u00e4llet b\u00f6rjar de tre v\u00e4nnerna att samtala om vad k\u00e4rlek \u00e4r, vad den borde vara och hur de vill att den ska vara.<\/p>\n<p>Johanna Holmstr\u00f6m, som b\u00e5de har regisserat och skrivit manus till f\u00f6rest\u00e4llningen, ber\u00e4ttar att hon fick id\u00e9n till arbetet av kvinnof\u00f6rf\u00f6raren Don Juan. \u201dJag var nyfiken p\u00e5 vad unga tjejer har f\u00f6r egen Don Juan, vad de har f\u00f6r bilder av sin dr\u00f6mman och f\u00f6rv\u00e4ntningar p\u00e5 dr\u00f6mf\u00f6rh\u00e5llandet.\u201d<\/p>\n<p>F\u00f6r att f\u00e5r svar p\u00e5 fr\u00e5gorna best\u00e4mde sig Johanna f\u00f6r att genomf\u00f6ra intervjuer. Hon intervjuade totalt 15 tjejer, alla studerande p\u00e5 Stockholms universitet, om deras syn p\u00e5 k\u00e4rlek. Johanna ber\u00e4ttar att hon blev f\u00f6rv\u00e5nad \u00f6ver de svar hon fick. \u201dJag f\u00f6rstod att alla faktiskt inte har reflekterat s\u00e5 mycket. Jag sj\u00e4lv \u00e4r en s\u00e5dan som analyserar och vrider och v\u00e4nder p\u00e5 saker och ting och antog att andra ocks\u00e5 gjorde det, men det var m\u00e5nga som inte alls hade t\u00e4nkt s\u00e5 mycket p\u00e5 hur de ville ha det och varf\u00f6r de hade specifika dr\u00f6mmar.\u201d N\u00e5got som ocks\u00e5 f\u00f6rv\u00e5nade Johanna var att m\u00e5nga av tjejerna svarade nej p\u00e5 fr\u00e5gan om de var feminister och att flera av dem kunde t\u00e4nka sig att vara hemmafruar. S\u00e5v\u00e4l sexuell l\u00e4ggning och civilst\u00e5nd som studieinriktning p\u00e5 universitetet skilde tjejerna \u00e5t. Det som d\u00e4remot alla hade gemensamt var att de ville vara tillsammans med n\u00e5gon som var glad och de hade roligt med. De flesta tyckte ocks\u00e5 att det var viktigt att ens partner hade ett egna intressen. \u201dEn tjej sa det s\u00e5 fint: man ska inte dricka ur varandras b\u00e4gare, utan fylla dem\u201d s\u00e4ger Johanna.<\/p>\n<p>N\u00e4r intervjuerna var sammanst\u00e4llda f\u00f6ljde en period d\u00e4r Johanna tillsammans med sk\u00e5despelarna diskuterade k\u00e4rlek, dr\u00f6mmar och normer med intervjuerna som utg\u00e5ngspunkt. Emma och Johanna ber\u00e4ttar att de riktigt penetrerade \u00e4mnena och att de var l\u00e4rorikt f\u00f6r dem sj\u00e4lva. \u201dDet var intressant att f\u00f6rdjupa sig i n\u00e5got som man inte brukar f\u00f6rdjupa sig i eftersom det anses vara s\u00e5 sj\u00e4lvklart.\u201d f\u00f6rklarar Emma. Hon ber\u00e4ttar att de f\u00f6rdjupade sig s\u00e5 mycket i sina egna tankar att det i sig blev k\u00e4rlek. \u201dDet blev meta\u201d s\u00e4ger hon. Johannas, Emmas, Majas och Andreas diskussioner ledde till ett manus som de sedan jobbade med att f\u00f6rkroppsliga.<\/p>\n<p>Johanna och Emma har mycket att intressant och tiden rinner iv\u00e4g. Emma sneglar p\u00e5 v\u00e4ggklockan ovanf\u00f6r mitt huvud och f\u00f6rklarar att hon tyv\u00e4rr m\u00e5ste g\u00e5 eftersom hon har en annan tid att passa och s\u00e4ger hej d\u00e5.<\/p>\n<p>N\u00e4r jag och Johanna \u00e4r sj\u00e4lva kvar passar jag p\u00e5 att fr\u00e5ga henne vad hon vill s\u00e4ga med f\u00f6rest\u00e4llningen och hon ber\u00e4ttar att hon inte vill ge n\u00e5gra svar men att hon vill att publiken ska reflektera. \u201dDet \u00e4r bra att v\u00e5ga v\u00e4lja k\u00e4rlek, men man f\u00e5r inte gl\u00f6mma sig sj\u00e4lv\u201d s\u00e4ger hon och ber\u00e4ttar om risken med att f\u00f6rminska sig sj\u00e4lv i relationer med andra.<\/p>\n<p>Konfront vill inte s\u00e4tta n\u00e5gon etikett p\u00e5 sig, men Johanna ber\u00e4ttar att de \u00e4r en feministisk plattform. Vi kommer in p\u00e5 ett samtal huruvida konsten har makten att p\u00e5verka politiskt. Johanna s\u00e4ger att allt som g\u00f6rs offentligt kan p\u00e5verka \u00e4ven om en teaterf\u00f6rest\u00e4llning n\u00f6dv\u00e4ndigtvis inte f\u00e5r samtliga i publiken att exempelvis r\u00f6sta annorlunda. \u201dDet \u00e4r nog farligt att inte f\u00f6rs\u00f6ka p\u00e5verka\u201d s\u00e4ger hon.<\/p>\n<p>PARadiset spelas till och med den 24 april 2013.<\/p>\n<p>Manus och regi: Johanna Holmstr\u00f6m<br \/>\nMedverkade: Maja Bj\u00f6rkqvist, Emma Broom\u00e9, Andrea Edwards.<br \/>\nScenorafi och ljuss\u00e4ttning: Ann-Marie Fritiofsson<br \/>\nKostym: Caroline Bonaldi<br \/>\nProducent: Greta Weibull, Oskar Samson, Katharina Lind<br \/>\nProduktion: Teater Konfront och Strindbergs Intima Teater<\/p>\n<p>Foto: Jonas J\u00f6reneberg<\/p>\n<p><strong>Text: Ida Stiller<\/strong><\/p>\n","protected":false},"excerpt":{"rendered":"<p>Konfront beskriver sig sj\u00e4lva som ett forum f\u00f6r konstn\u00e4rlig verksamhet. Just nu spelas deras upps\u00e4ttning PARadiset p\u00e5 Strindbergs Intima Teater i Stockholm. Jag tr\u00e4ffade regiss\u00f6ren Johanna Holmstr\u00f6m och sk\u00e5despelaren Emma Broom\u00e9, en vecka f\u00f6re premi\u00e4ren, f\u00f6r ett samtal om k\u00e4rlek, normer och dr\u00f6mmar. Klockan \u00e4r fyra och repetitionerna f\u00f6r dagen \u00e4r \u00f6ver. P\u00e5 v\u00e4gen in [&hellip;]<\/p>\n","protected":false},"author":13,"featured_media":0,"comment_status":"open","ping_status":"open","sticky":false,"template":"","format":"standard","meta":{"_genesis_hide_title":false,"_genesis_hide_breadcrumbs":false,"_genesis_hide_singular_image":false,"_genesis_hide_footer_widgets":false,"_genesis_custom_body_class":"","_genesis_custom_post_class":"","_genesis_layout":"","footnotes":""},"categories":[20,30],"tags":[4717],"class_list":{"0":"post-69340","1":"post","2":"type-post","3":"status-publish","4":"format-standard","6":"category-film","7":"category-teater","8":"tag-reportage","9":"entry"},"_links":{"self":[{"href":"https:\/\/kulturbloggen.com\/index.php?rest_route=\/wp\/v2\/posts\/69340","targetHints":{"allow":["GET"]}}],"collection":[{"href":"https:\/\/kulturbloggen.com\/index.php?rest_route=\/wp\/v2\/posts"}],"about":[{"href":"https:\/\/kulturbloggen.com\/index.php?rest_route=\/wp\/v2\/types\/post"}],"author":[{"embeddable":true,"href":"https:\/\/kulturbloggen.com\/index.php?rest_route=\/wp\/v2\/users\/13"}],"replies":[{"embeddable":true,"href":"https:\/\/kulturbloggen.com\/index.php?rest_route=%2Fwp%2Fv2%2Fcomments&post=69340"}],"version-history":[{"count":7,"href":"https:\/\/kulturbloggen.com\/index.php?rest_route=\/wp\/v2\/posts\/69340\/revisions"}],"predecessor-version":[{"id":69347,"href":"https:\/\/kulturbloggen.com\/index.php?rest_route=\/wp\/v2\/posts\/69340\/revisions\/69347"}],"wp:attachment":[{"href":"https:\/\/kulturbloggen.com\/index.php?rest_route=%2Fwp%2Fv2%2Fmedia&parent=69340"}],"wp:term":[{"taxonomy":"category","embeddable":true,"href":"https:\/\/kulturbloggen.com\/index.php?rest_route=%2Fwp%2Fv2%2Fcategories&post=69340"},{"taxonomy":"post_tag","embeddable":true,"href":"https:\/\/kulturbloggen.com\/index.php?rest_route=%2Fwp%2Fv2%2Ftags&post=69340"}],"curies":[{"name":"wp","href":"https:\/\/api.w.org\/{rel}","templated":true}]}}