{"id":69271,"date":"2013-04-15T15:50:22","date_gmt":"2013-04-15T13:50:22","guid":{"rendered":"http:\/\/kulturbloggen.com\/?p=69271"},"modified":"2013-04-22T10:50:21","modified_gmt":"2013-04-22T08:50:21","slug":"kulturbloggen-moter-anton-kristiansson","status":"publish","type":"post","link":"https:\/\/kulturbloggen.com\/?p=69271","title":{"rendered":"Kulturbloggen m\u00f6ter Anton Kristiansson"},"content":{"rendered":"<p><a href=\"http:\/\/kulturbloggen.com\/wp-content\/uploads\/2013\/04\/anton1.jpg\"><img loading=\"lazy\" decoding=\"async\" class=\"aligncenter size-medium wp-image-69405\" alt=\"anton\" src=\"http:\/\/kulturbloggen.com\/wp-content\/uploads\/2013\/04\/anton1-300x296.jpg\" width=\"300\" height=\"296\" srcset=\"https:\/\/kulturbloggen.com\/wp-content\/uploads\/2013\/04\/anton1-300x296.jpg 300w, https:\/\/kulturbloggen.com\/wp-content\/uploads\/2013\/04\/anton1.jpg 686w\" sizes=\"auto, (max-width: 300px) 100vw, 300px\" \/><\/a><\/p>\n<p>Efter de tv\u00e5 singlarna <em>Din alltid alltid<\/em> och <em>Leka leva<\/em>\u00a0som osade lika mycket Hacienda som hiphop f\u00f6ljer Majornas egna indie-rappare Anton Kristiansson nu upp debutalbumet <em>Och jag<\/em> fr\u00e5n 2011 med sitt emotsedda andragiv <em>Fred p\u00e5 jorden<\/em>. \u00a0S\u00e5 h\u00e4r l\u00e4t det n\u00e4r Kulturbloggen m\u00f6tte upp honom p\u00e5 Mariatorget i Stockholm.<\/p>\n<p><strong>Hade du n\u00e5gon speciell id\u00e9 \u00f6ver hur du ville att det skulle l\u00e5ta n\u00e4r du inledde arbetet med ditt nya album? Var det n\u00e5gonting du ville g\u00f6ra annorlunda j\u00e4mf\u00f6rt med f\u00f6rra skivan?<\/strong><\/p>\n<p>Anton: F\u00f6rst och fr\u00e4mst s\u00e5 \u00e4r soundet annorlunda eftersom det \u00e4r inspelat med fullt band. Bara det har varit en ganska annorlunda grej.\u00a0Jag vet inte om det fanns n\u00e5gon riktig grundtanke, men den har v\u00e4l kanske ett annat djup. Det finns ett st\u00f6rre allvar.<\/p>\n<p><strong>Tycker du den nya skivan har mer av en genomg\u00e5ende tematik?<\/strong><\/p>\n<p>Anton: Jag tycker nog f\u00f6rra skivan var ganska konceptuell ocks\u00e5. Textm\u00e4ssigt f\u00f6ljde den en r\u00f6d tr\u00e5d. Nya g\u00f6r ocks\u00e5 det, jag har\u00a0verkligen f\u00f6rs\u00f6kt sy ihop den s\u00e5 att det ska k\u00e4nnas som att det \u00e4r en l\u00e5ng historia. Att alla l\u00e5tar liksom befinner sig i samma v\u00e4rld. Om f\u00f6rra skivan var \u00e5ngestladdad och m\u00f6rk s\u00e5 \u00e4r den h\u00e4r melankolisk, men ocks\u00e5 vackrare och mer romantisk.<\/p>\n<p><strong>Har det kommit in n\u00e5gra nya influenser den h\u00e4r g\u00e5ngen?<\/strong><\/p>\n<p>Anton: Musikaliskt \u00e4r det v\u00e4l typ samma influenser \u00e4ven om de kanske \u00e4r tydligare. Den \u00e4r v\u00e4ldigt influerad av att jag \u00e4r mycket \u00e4ldre nu, det \u00e4r ju \u00e4nd\u00e5 fyra-fem \u00e5r sedan jag b\u00f6rjade skriva p\u00e5 f\u00f6rra skivan. Det har h\u00e4nt v\u00e4ldigt mycket sedan dess, s\u00e5 den \u00e4r v\u00e4l vuxnare och mer mogen. Inte den d\u00e4r ton\u00e5rsgrejen riktigt, den behandlar st\u00f6rre \u00e4mnen. De st\u00f6rsta influenserna \u00e4r ju \u00e4nd\u00e5 livet och vad man g\u00e5r omkring och grubblar p\u00e5.<\/p>\n<p><strong>Vissa l\u00e5tar uppfattar jag som att de snarare handlar om att inte vilja v\u00e4xa upp.<\/strong><\/p>\n<p>Anton: Ja, absolut. Den handlar v\u00e4l dels om att inte v\u00e4xa upp men ocks\u00e5 om vad det inneb\u00e4r att v\u00e4xa upp. Det \u00e4r ju s\u00e5 idag, man \u00e4r ung mycket l\u00e4ngre, vuxna m\u00e4nniskor \u00e4r ju kvar i ungdomskulturer p\u00e5 ett annat s\u00e4tt \u00e4n vad det kanske var f\u00f6r v\u00e5ra f\u00f6r\u00e4ldrar. S\u00e5 det \u00e4r mycket st\u00f6rre gr\u00e5zon mellan att vara ung och vara vuxen idag. Det \u00e4r mycket det den handlar om, att vara fine med det och att f\u00f6rst\u00e5 att det inte finns n\u00e5gon brytpunkt. Att man \u00e4r ung ibland och vuxen ibland och att det faktiskt \u00e4r helt okej.<\/p>\n<p><strong>Kan du ber\u00e4tta lite om hur du kom fram till albumets titel?<\/strong><\/p>\n<p>Anton: Jag fascineras \u00a0ju v\u00e4ldigt mycket av klyschor. Jag tycker ofta att de roligaste sk\u00e4mten \u00e4r n\u00e4r man driver med klyschor och <em>Fred p\u00e5 jorden<\/em> \u00e4r ju den st\u00f6rsta klyschan som finns. Men n\u00e5nstans \u00e4r det ju \u00e4nd\u00e5 det alla vill ha. Det finns ett ganska starkt underg\u00e5ngstema p\u00e5 skivan, hela v\u00e5r generation har ju pr\u00e4glats av att vi alltid f\u00e5r h\u00f6ra att som vi lever kommer jorden g\u00e5 under 2000, 2012 och s\u00e5 vidare. Det har funnits en ganska m\u00f6rk framtidssyn. D\u00e5 \u00a0tyckte jag det var fint att d\u00f6pa skivan till raka motsatsen &#8211; allts\u00e5 \u00a0<em>Fred p\u00e5 jorden<\/em>\u00a0&#8211; att allt kommer bli fine.<\/p>\n<p><strong>F\u00f6rsta l\u00e5ten heter ju <em>Kometen kommer<\/em> vilket spinner vidare p\u00e5 det d\u00e4r underg\u00e5ngstemat.<\/strong><\/p>\n<p>Anton: Ja precis. Det \u00e4r en Mumin-bok ocks\u00e5. Hela den tanken p\u00e5 en vacker underg\u00e5ng har pr\u00e4glat skivan. Filmer som <em>Melancholia<\/em> d\u00e5 man speglar underg\u00e5ngen som n\u00e5gonting vackert, s\u00e5nt tycker jag \u00e4r v\u00e4ldigt fint. Det beh\u00f6ver inte vara jordens underg\u00e5ng, det kan ju \u00e4ven vara ens egen underg\u00e5ng. Kommer den s\u00e5 kommer den, men man kan \u00e4nd\u00e5 g\u00f6ra n\u00e5gonting vackert av den.<\/p>\n<p><strong>En av mina favorittexter fr\u00e5n skivan kommer annars fr\u00e5n <em>Din alltid alltid<\/em> d\u00e4r du sjunger &#8221;s\u00e5 l\u00e4nge h\u00f6gern borde skjutas \u00e4r jag alltid din&#8221;.<\/strong><\/p>\n<p>Anton: Vad roligt. Jag tycker kanske att artister idag generellt \u00e4r lite fega n\u00e4r det kommer till att g\u00f6ra politiska statements. Det \u00e4r klart att folk st\u00e4ller upp p\u00e5 galor och pratar om fred p\u00e5 jorden, men det \u00e4r ganska f\u00e5 som v\u00e5gar positionera sig p\u00e5 ett bredare plan. D\u00e5 tyckte jag att det var en rolig formulering att sl\u00e4nga in i en k\u00e4rleksl\u00e5t.<\/p>\n<p><strong>Ibland kan det bli ganska d\u00e5ligt n\u00e4r artister f\u00f6rs\u00f6ker blanda k\u00e4rlek med politik och filosofi. Det finns m\u00e5nga fallgropar.<\/strong><\/p>\n<p>Tanken var att skriva om mitt liv och saker jag g\u00e5tt igenom, men jag vill \u00e4ven att andra ska k\u00e4nna igen sig och kunna k\u00e4nna att de \u00e4r lika mycket deras historia som min. Jag kan ha v\u00e4ldigt sv\u00e5rt f\u00f6r politisk musik n\u00e4r n\u00e5gon sitter och skriver en p\u00e5 n\u00e4san och liksom f\u00f6rs\u00f6ker f\u00f6rel\u00e4sa f\u00f6r en. Jag f\u00f6rst\u00e5r ju att proggen var viktig n\u00e4r den kom, det kanske inte \u00e4r min favorittyp av l\u00e5ttexter, men jag tycker det \u00e4r kul n\u00e4r man kan\u00a0portionera\u00a0ut det och sl\u00e4nga in det i sammanhang d\u00e4r det \u00a0inte riktigt passar. D\u00e5 blir det en annan slagkraft.<\/p>\n<p><strong>En annan l\u00e5t som sticker ut p\u00e5 skivan \u00e4r <em>Sen kv\u00e4ll, Kungsladug\u00e5rdsgatan<\/em>. Kan du ber\u00e4tta lite om hur den l\u00e5ten kom till och vilken st\u00e4mning du ville f\u00e5nga?<\/strong><\/p>\n<p>Anton: Kungsladug\u00e5rdsgatan \u00e4r gatan jag \u00e4r uppv\u00e4xt p\u00e5. En ganska l\u00e5ng gata i Majorna i G\u00f6teborg. Fr\u00e5n b\u00f6rjan \u00e4r det en parafras p\u00e5 <em>Late Night, Maudlin Street<\/em> fr\u00e5n Morrisseys f\u00f6rsta skiva, s\u00e5 jag har ju snott tematiken d\u00e4rifr\u00e5n. Det \u00e4r ett g\u00e4ng historier som p\u00e5 n\u00e5got s\u00e4tt har anknytning till min uppv\u00e4xt och m\u00e4nniskorna jag \u00e4r uppv\u00e4xt med. Den \u00e4r lika l\u00e5ng som <em>Late Night, Maudlin Street<\/em>\u00a0ocks\u00e5.<\/p>\n<p><strong>Morrissey-influenserna \u00e4r ju n\u00e5got som \u00e5terkommer flera g\u00e5nger p\u00e5 albumet.<\/strong><\/p>\n<p>Anton: The Smiths g\u00e5r v\u00e4l som tema genom allting vi g\u00f6r. H\u00e4lften av bandet \u00e4r The Smiths-fans s\u00e5 det kommer ofta ganska omedvetet.<\/p>\n<p><strong>Har du samma band som p\u00e5 f\u00f6rsta skivan?<\/strong><\/p>\n<p>Anton: \u00a0Per som har skrivit alla l\u00e5tarna var med och skrev n\u00e5gra l\u00e5tar p\u00e5 f\u00f6rra skivan. Han har \u00e4ven spelat live med mig v\u00e4ldigt l\u00e4nge, men generellt var det ju jag och Niklas von Arnold som gjorde f\u00f6rsta skivan. Resten av bandet \u00e4r nya, men det \u00e4r ju v\u00e4nner till mig allihopa s\u00e5 folk har \u00e4nd\u00e5 h\u00e4ngt med.<\/p>\n<p><strong>P\u00e5 vilka s\u00e4tt har den h\u00e4r nya bandupps\u00e4ttning p\u00e5verkat skivans ljudbild?<\/strong><\/p>\n<p>Anton: Att det \u00e4r live g\u00f6r ju mycket f\u00f6r ljudbilden. Det blir ett annat driv, samtidigt som trummorna inte \u00e4r lika maxade som det blir med trummaskin. \u00d6verlag \u00e4r l\u00e5tarna mer gitarrbaserade. Riffen \u00e4r mer framtr\u00e4dande eftersom det \u00e4r en gitarrist som skrivit stora delar av skivan.<\/p>\n<p><strong>Det l\u00e5ter mer indie.<\/strong><\/p>\n<p>Anton: Jo, absolut. Det \u00e4r mer av en indie-skiva \u00e4n f\u00f6rra. F\u00f6rra var mer elektronisk och kanske mer new wave \u00e4n renodlad indierock. Jag tycker ocks\u00e5 att Happy Mondays-influenserna har f\u00e5tt ett uppsving.<\/p>\n<p><strong>Ja, visst \u00e4r det mycket 90-tal som kommer igen nu?<\/strong><\/p>\n<p>Anton: Det \u00e4r Manchester-grejen som alltid har f\u00e5ngat mig. Tanken var ju att f\u00e5nga den d\u00e4r Hacienda-grejen. N\u00e4r jag g\u00e5r ut tycker jag det \u00e4r roligast att dansa till house. Det tycker jag \u00e4r roligt med Hacienda, att det fl\u00f6t ihop p\u00e5 ett s\u00e4tt som det aldrig har gjort f\u00f6re eller efter. Joy Division spelades och sedan stod n\u00e5gon och spelade dansmusik. Det \u00e4r j\u00e4vligt coolt n\u00e4r genrer kan g\u00e5 ihop p\u00e5 det s\u00e4ttet.<\/p>\n<p><strong>Timbuktu medverkar ju ocks\u00e5 p\u00e5 albumet. Vad tycker du om hur hiphop nuf\u00f6rtiden kan hittas i s\u00e5 m\u00e5nga olika kontexter?<\/strong><\/p>\n<p>Anton: Bara de senaste \u00e5ren, sedan jag sl\u00e4ppte min f\u00f6rsta skiva, har hiphop verkligen utvecklats \u00e5t alla m\u00f6jliga h\u00e5ll. Rap \u00e4r ju i grund och botten bara en s\u00e5ngteknik. Ett uttryck. Det finns inget som s\u00e4ger att det m\u00e5ste f\u00f6rknippas med en viss typ av musik \u00e4ven om det har varit s\u00e5 innan. Jag tycker det \u00e4r svinfett, det \u00e4r ju det jag alltid har velat g\u00f6ra med min musik. S\u00e4tta rap i ett annat sammanhang \u00e4n just hiphop. Det g\u00f6r ju Timbuktu v\u00e4ldigt mycket ocks\u00e5. Han har ju verkligen t\u00e4njt p\u00e5 gr\u00e4nserna.<\/p>\n<p><iframe loading=\"lazy\" src=\"http:\/\/www.youtube.com\/embed\/qU6fjDQjx6A\" height=\"315\" width=\"560\" allowfullscreen=\"\" frameborder=\"0\"><\/iframe><\/p>\n","protected":false},"excerpt":{"rendered":"<p>Efter de tv\u00e5 singlarna Din alltid alltid och Leka leva\u00a0som osade lika mycket Hacienda som hiphop f\u00f6ljer Majornas egna indie-rappare Anton Kristiansson nu upp debutalbumet Och jag fr\u00e5n 2011 med sitt emotsedda andragiv Fred p\u00e5 jorden. \u00a0S\u00e5 h\u00e4r l\u00e4t det n\u00e4r Kulturbloggen m\u00f6tte upp honom p\u00e5 Mariatorget i Stockholm. Hade du n\u00e5gon speciell id\u00e9 \u00f6ver [&hellip;]<\/p>\n","protected":false},"author":3,"featured_media":0,"comment_status":"open","ping_status":"open","sticky":false,"template":"","format":"standard","meta":{"_genesis_hide_title":false,"_genesis_hide_breadcrumbs":false,"_genesis_hide_singular_image":false,"_genesis_hide_footer_widgets":false,"_genesis_custom_body_class":"","_genesis_custom_post_class":"","_genesis_layout":"","footnotes":""},"categories":[5,7],"tags":[343,9844,2159,2274,2467,5797],"class_list":{"0":"post-69271","1":"post","2":"type-post","3":"status-publish","4":"format-standard","6":"category-intervju","7":"category-musik","8":"tag-anton-kristiansson","9":"tag-fred-pa-jorden","10":"tag-goteborg","11":"tag-hiphop","12":"tag-indie","13":"tag-the-smiths","14":"entry"},"_links":{"self":[{"href":"https:\/\/kulturbloggen.com\/index.php?rest_route=\/wp\/v2\/posts\/69271","targetHints":{"allow":["GET"]}}],"collection":[{"href":"https:\/\/kulturbloggen.com\/index.php?rest_route=\/wp\/v2\/posts"}],"about":[{"href":"https:\/\/kulturbloggen.com\/index.php?rest_route=\/wp\/v2\/types\/post"}],"author":[{"embeddable":true,"href":"https:\/\/kulturbloggen.com\/index.php?rest_route=\/wp\/v2\/users\/3"}],"replies":[{"embeddable":true,"href":"https:\/\/kulturbloggen.com\/index.php?rest_route=%2Fwp%2Fv2%2Fcomments&post=69271"}],"version-history":[{"count":7,"href":"https:\/\/kulturbloggen.com\/index.php?rest_route=\/wp\/v2\/posts\/69271\/revisions"}],"predecessor-version":[{"id":69407,"href":"https:\/\/kulturbloggen.com\/index.php?rest_route=\/wp\/v2\/posts\/69271\/revisions\/69407"}],"wp:attachment":[{"href":"https:\/\/kulturbloggen.com\/index.php?rest_route=%2Fwp%2Fv2%2Fmedia&parent=69271"}],"wp:term":[{"taxonomy":"category","embeddable":true,"href":"https:\/\/kulturbloggen.com\/index.php?rest_route=%2Fwp%2Fv2%2Fcategories&post=69271"},{"taxonomy":"post_tag","embeddable":true,"href":"https:\/\/kulturbloggen.com\/index.php?rest_route=%2Fwp%2Fv2%2Ftags&post=69271"}],"curies":[{"name":"wp","href":"https:\/\/api.w.org\/{rel}","templated":true}]}}