{"id":6829,"date":"2009-02-01T11:06:35","date_gmt":"2009-02-01T10:06:35","guid":{"rendered":"http:\/\/kulturbloggen.com\/?p=6829"},"modified":"2009-02-01T11:06:35","modified_gmt":"2009-02-01T10:06:35","slug":"ja-lat-statyn-pa-ingemar-johansson-sta-langst-upp-pa-avenyn","status":"publish","type":"post","link":"https:\/\/kulturbloggen.com\/?p=6829","title":{"rendered":"Ja, l\u00e5t statyn p\u00e5 Ingemar Johansson st\u00e5 l\u00e4ngst upp p\u00e5 Avenyn"},"content":{"rendered":"<p><img loading=\"lazy\" decoding=\"async\" src=\"http:\/\/sodergren.com\/kulturbloggen\/wp-content\/uploads\/2009\/02\/ingemarjohansson290.jpg\" alt=\"ingemarjohansson290\" title=\"ingemarjohansson290\" width=\"290\" height=\"200\" class=\"alignnone size-full wp-image-6831\" \/><br \/>\nIngemar Johansson, boxningsv\u00e4rldsm\u00e4staren, absolut en av de svenska idrottsm\u00e4nnen genom tiderna, somnade in den 30 januari. Det pratas redan om att han ska f\u00e5 en staty. I G\u00f6teborg ska den st\u00e5. F\u00f6rst\u00e5s. F\u00f6r min del f\u00e5r den statyn g\u00e4rna ta plats l\u00e4ngst upp p\u00e5 Avenyn.<br \/>\n<!--more--><br \/>\n<a href=\"http:\/\/www.aftonbladet.se\/nyheter\/article4304317.ab\">Aftonbladet<\/a>:<\/p>\n<blockquote><p>Han satte G\u00f6teborg p\u00e5 boxningens v\u00e4rldskarta.<\/p>\n<p>Nu vill staden hylla Ingemar Johansson med en staty.<\/p>\n<p>\u2013 En bra id\u00e9, s\u00e4ger kommunalr\u00e5det Anneli Hulth\u00e9n (s). <\/p><\/blockquote>\n<p>Ingemar Johansson var en hj\u00e4lte f\u00f6r m\u00e5nga svenskar, han var st\u00f6rre \u00e4n m\u00e5nga unga idag kan f\u00f6rst\u00e5. Stens\u00e4ttarl\u00e4rlingen som kunde bli v\u00e4rldsm\u00e4stare i boxning, i en tid n\u00e4r ingen ens visste att det gick att tr\u00e4na karate, jiujutsu, tae kwon do eller knappt ens judo.<\/p>\n<p>Ingemar Johanssons match d\u00e5 han blev v\u00e4rldsm\u00e4stare \u00e4r den f\u00f6rsta idrottsh\u00e4ndelse jag minns. Jag var fyra \u00e5r och min pappa hade f\u00f6ljt matchen under natten 26 juni 1959. P\u00e5 morgonen stod jag, som knappt kunde tala rent p\u00e5 g\u00e5rden med de andra barnen och ropade: &#8221;Ingo v\u00e4rldsm\u00e4stare, Ingo v\u00e4rldsm\u00e4stare.&#8221;<\/p>\n<p>Och n\u00e4r min lillebror f\u00f6ddes en m\u00e5nad senare minns jag att alla sade att han s\u00e5g ut som Ingo. Inget d\u00e5ligt betyg f\u00f6r en liten krabat.<\/p>\n<p>Ig\u00e5r m\u00f6ttes vi \u00f6verallt av l\u00f6psedlarna som ber\u00e4ttade att Ingemar Johansson avlidit. Jag \u00e4r glad att det redan pratas om en staty f\u00f6r att \u00e4ra honom.<\/p>\n<p><a href=\"http:\/\/www.dn.se\/DNet\/jsp\/polopoly.jsp?d=3560&#038;a=879191\">Som Dagens Nyheter ber\u00e4ttar<\/a>:<\/p>\n<blockquote><p>Ingemar Johansson, Ingo med hela svenska folket, firade sitt livs triumf p\u00e5 Yankee Stadium i New York den 26 juni 1959. Tre miljoner svenskar tillbringade den ljusa sommarnatten framf\u00f6r radioapparaten och jublade \u00f6ver att Sverige f\u00e5tt sin f\u00f6rsta v\u00e4rldsm\u00e4stare i tungviktsboxning.<\/p><\/blockquote>\n<p>Jag tror ingen svensk varit s\u00e5 stor sedan dess.<\/p>\n<p><img loading=\"lazy\" decoding=\"async\" src=\"http:\/\/sodergren.com\/kulturbloggen\/wp-content\/uploads\/2009\/02\/ingemarjohansson600-300x100.jpg\" alt=\"ingemarjohansson600\" title=\"ingemarjohansson600\" width=\"300\" height=\"100\" class=\"alignnone size-medium wp-image-6832\" \/><\/p>\n<p>Relaterat:<br \/>\n<a href=\"http:\/\/www.dn.se\/DNet\/jsp\/polopoly.jsp?d=3560&#038;a=879231\">Dagens Nyheter 2<\/a>, <a href=\"http:\/\/www.dn.se\/DNet\/jsp\/polopoly.jsp?d=3560&#038;a=879231\">Dagens Nyheter 3<\/a>,<br \/>\n<a href=\"http:\/\/www.aftonbladet.se\/sportbladet\/article4303910.ab\">Aftonbladet 1<\/a>, <a href=\"http:\/\/www.aftonbladet.se\/nyheter\/article4304378.ab\">Aftonbladet 2<\/a>,<a href=\"http:\/\/www.aftonbladet.se\/nyheter\/article4304131.ab\"> Aftonbladet 3,<\/a> <a href=\"http:\/\/www.aftonbladet.se\/sportbladet\/article4302711.ab\">Aftonbladet 4<\/a>, <a href=\"http:\/\/www.dn.se\/DNet\/jsp\/polopoly.jsp?d=3560&#038;a=879275\">Dagens Nyheter 1<\/a>, <a href=\"http:\/\/www.svd.se\/sportspel\/nyheter\/artikel_2404055.svd\">Svenska Dagbladet 1<\/a>, <a href=\"http:\/\/sydsvenskan.se\/sverige\/article409829\/Hela-folkets-Ingo-ar-borta.html\">Sydsvenskan<\/a>, <a href=\"http:\/\/hd.se\/sport\/2009\/01\/31\/flash-ingemar-johansson-doed\/\">Helsingborgs Dagblad<\/a>, <a href=\"http:\/\/www.smp.se\/sport\/tt_sport\/ingo-har-avlidit(1121873).gm\">Sm\u00e5landsposten<\/a>, <a href=\"http:\/\/www.svd.se\/sportspel\/nyheter\/artikel_2402727.svd\">Svenska Dagbladet 2<\/a>.<\/p>\n<p>Andra bloggar om: <a href=\"http:\/\/bloggar.se\/om\/sport\" rel=\"tag\">sport<\/a>, <a href=\"http:\/\/bloggar.se\/om\/G%F6teborg\" rel=\"tag\">G\u00f6teborg<\/a>, <a href=\"http:\/\/bloggar.se\/om\/boxning\" rel=\"tag\">boxning<\/a>, <a href=\"http:\/\/bloggar.se\/om\/hj%E4ltar\" rel=\"tag\">hj\u00e4ltar<\/a>, <a href=\"http:\/\/bloggar.se\/om\/kampkonst\" rel=\"tag\">kampkonst<\/a>, <a href=\"http:\/\/bloggar.se\/om\/Ingo\" rel=\"tag\">Ingo<\/a>, <a href=\"http:\/\/bloggar.se\/om\/Ingemar+Johansson\" rel=\"tag\">Ingemar Johansson<\/a><\/p>\n","protected":false},"excerpt":{"rendered":"<p>Ingemar Johansson, boxningsv\u00e4rldsm\u00e4staren, absolut en av de svenska idrottsm\u00e4nnen genom tiderna, somnade in den 30 januari. Det pratas redan om att han ska f\u00e5 en staty. I G\u00f6teborg ska den st\u00e5. F\u00f6rst\u00e5s. F\u00f6r min del f\u00e5r den statyn g\u00e4rna ta plats l\u00e4ngst upp p\u00e5 Avenyn.<\/p>\n","protected":false},"author":2,"featured_media":0,"comment_status":"open","ping_status":"open","sticky":false,"template":"","format":"standard","meta":{"_genesis_hide_title":false,"_genesis_hide_breadcrumbs":false,"_genesis_hide_singular_image":false,"_genesis_hide_footer_widgets":false,"_genesis_custom_body_class":"","_genesis_custom_post_class":"","_genesis_layout":"","footnotes":""},"categories":[20],"tags":[820,2159,2285,2847,27],"class_list":{"0":"post-6829","1":"post","2":"type-post","3":"status-publish","4":"format-standard","6":"category-film","7":"tag-boxning","8":"tag-goteborg","9":"tag-hjaltar","10":"tag-kampkonst","11":"tag-sport","12":"entry"},"_links":{"self":[{"href":"https:\/\/kulturbloggen.com\/index.php?rest_route=\/wp\/v2\/posts\/6829","targetHints":{"allow":["GET"]}}],"collection":[{"href":"https:\/\/kulturbloggen.com\/index.php?rest_route=\/wp\/v2\/posts"}],"about":[{"href":"https:\/\/kulturbloggen.com\/index.php?rest_route=\/wp\/v2\/types\/post"}],"author":[{"embeddable":true,"href":"https:\/\/kulturbloggen.com\/index.php?rest_route=\/wp\/v2\/users\/2"}],"replies":[{"embeddable":true,"href":"https:\/\/kulturbloggen.com\/index.php?rest_route=%2Fwp%2Fv2%2Fcomments&post=6829"}],"version-history":[{"count":0,"href":"https:\/\/kulturbloggen.com\/index.php?rest_route=\/wp\/v2\/posts\/6829\/revisions"}],"wp:attachment":[{"href":"https:\/\/kulturbloggen.com\/index.php?rest_route=%2Fwp%2Fv2%2Fmedia&parent=6829"}],"wp:term":[{"taxonomy":"category","embeddable":true,"href":"https:\/\/kulturbloggen.com\/index.php?rest_route=%2Fwp%2Fv2%2Fcategories&post=6829"},{"taxonomy":"post_tag","embeddable":true,"href":"https:\/\/kulturbloggen.com\/index.php?rest_route=%2Fwp%2Fv2%2Ftags&post=6829"}],"curies":[{"name":"wp","href":"https:\/\/api.w.org\/{rel}","templated":true}]}}