{"id":6818,"date":"2009-01-31T10:56:18","date_gmt":"2009-01-31T09:56:18","guid":{"rendered":"http:\/\/kulturbloggen.com\/?p=6818"},"modified":"2009-01-31T10:56:18","modified_gmt":"2009-01-31T09:56:18","slug":"johan-palm-skriver-skivkontrakt-med-sony","status":"publish","type":"post","link":"https:\/\/kulturbloggen.com\/?p=6818","title":{"rendered":"Johan Palm skriver skivkontrakt med Sony"},"content":{"rendered":"<p><img loading=\"lazy\" decoding=\"async\" src=\"http:\/\/sodergren.com\/kulturbloggen\/wp-content\/uploads\/2009\/01\/johanpalm290.jpg\" alt=\"johanpalm290\" title=\"johanpalm290\" width=\"290\" height=\"200\" class=\"alignnone size-full wp-image-6819\" \/><br \/>\nIngen Idol-deltagare har v\u00e4l haft s\u00e5 m\u00e5nga hysteriska fans som unge pojken Johan Palm. Nu har han f\u00e5tt skivkontrakt hos Sony.<br \/>\n<!--more--><br \/>\nEtt pressmeddelanade fr\u00e5n Sony:<\/p>\n<blockquote><p>Sony Music kan stolt meddela att publikfavoriten Johan Palm nu ing\u00e5r i bolagets gedigna artistrepertoar.<\/p>\n<p>&#8221;Jag har inte sett s\u00e5n h\u00e4r hysteri sedan Beatles,&#8221; sa Laila Bagge om de skrikande fansen som f\u00f6ljde Johan under delfinalerna i Idol 2008.<\/p>\n<p>Nu har Johan skrivit kontrakt med Sony Music. Debutalbumet f\u00f6rv\u00e4ntas komma under v\u00e5ren och Johan har precis satt ig\u00e5ng arbetet i studion.<\/p>\n<p>&#8221;Det \u00e4r verkligen m\u00e4ktigt att f\u00e5 sl\u00e4ppa sin egen platta, 2009 k\u00e4nns som att det kommer bli ett roligt \u00e5r. Jag ser fram emot att f\u00e5 jobba med min musik p\u00e5 heltid,&#8221; s\u00e4ger Johan.<\/p><\/blockquote>\n<p><a href=\"http:\/\/www.johan-palm.se\">Johan Palms hemsida.<\/a><\/p>\n<p>Minns ni?<br \/>\n<object width=\"480\" height=\"295\"><param name=\"movie\" value=\"http:\/\/www.youtube.com\/v\/eU0y5whZrVo&#038;hl=sv&#038;fs=1\"><\/param><param name=\"allowFullScreen\" value=\"true\"><\/param><param name=\"allowscriptaccess\" value=\"always\"><\/param><embed src=\"http:\/\/www.youtube.com\/v\/eU0y5whZrVo&#038;hl=sv&#038;fs=1\" type=\"application\/x-shockwave-flash\" allowscriptaccess=\"always\" allowfullscreen=\"true\" width=\"480\" height=\"295\"><\/embed><\/object><\/p>\n<p><img loading=\"lazy\" decoding=\"async\" src=\"http:\/\/sodergren.com\/kulturbloggen\/wp-content\/uploads\/2009\/01\/johanpalm600-300x100.jpg\" alt=\"johanpalm600\" title=\"johanpalm600\" width=\"300\" height=\"100\" class=\"alignnone size-medium wp-image-6820\" \/><\/p>\n<p>Relaterat: <a href=\"http:\/\/www.aftonbladet.se\/nojesbladet\/musik\/article4300489.ab\">Aftonbladet<\/a><\/p>\n<p>Andra bloggar om: <a href=\"http:\/\/bloggar.se\/om\/idol\" rel=\"tag\">idol<\/a>, <a href=\"http:\/\/bloggar.se\/om\/skivor\" rel=\"tag\">skivor<\/a>, <a href=\"http:\/\/bloggar.se\/om\/musik\" rel=\"tag\">musik<\/a>, <a href=\"http:\/\/bloggar.se\/om\/popmusik\" rel=\"tag\">popmusik<\/a>, <a href=\"http:\/\/bloggar.se\/om\/Johan+Palm\" rel=\"tag\">Johan Palm<\/a>, <a href=\"http:\/\/bloggar.se\/om\/Sony\" rel=\"tag\">Sony<\/a><\/p>\n","protected":false},"excerpt":{"rendered":"<p>Ingen Idol-deltagare har v\u00e4l haft s\u00e5 m\u00e5nga hysteriska fans som unge pojken Johan Palm. Nu har han f\u00e5tt skivkontrakt hos Sony.<\/p>\n","protected":false},"author":2,"featured_media":0,"comment_status":"open","ping_status":"open","sticky":false,"template":"","format":"standard","meta":{"_genesis_hide_title":false,"_genesis_hide_breadcrumbs":false,"_genesis_hide_singular_image":false,"_genesis_hide_footer_widgets":false,"_genesis_custom_body_class":"","_genesis_custom_post_class":"","_genesis_layout":"","footnotes":""},"categories":[7],"tags":[2427,12282,4436,12287],"class_list":{"0":"post-6818","1":"post","2":"type-post","3":"status-publish","4":"format-standard","6":"category-musik","7":"tag-idol","8":"tag-musik","9":"tag-popmusik","10":"tag-skivor","11":"entry"},"_links":{"self":[{"href":"https:\/\/kulturbloggen.com\/index.php?rest_route=\/wp\/v2\/posts\/6818","targetHints":{"allow":["GET"]}}],"collection":[{"href":"https:\/\/kulturbloggen.com\/index.php?rest_route=\/wp\/v2\/posts"}],"about":[{"href":"https:\/\/kulturbloggen.com\/index.php?rest_route=\/wp\/v2\/types\/post"}],"author":[{"embeddable":true,"href":"https:\/\/kulturbloggen.com\/index.php?rest_route=\/wp\/v2\/users\/2"}],"replies":[{"embeddable":true,"href":"https:\/\/kulturbloggen.com\/index.php?rest_route=%2Fwp%2Fv2%2Fcomments&post=6818"}],"version-history":[{"count":0,"href":"https:\/\/kulturbloggen.com\/index.php?rest_route=\/wp\/v2\/posts\/6818\/revisions"}],"wp:attachment":[{"href":"https:\/\/kulturbloggen.com\/index.php?rest_route=%2Fwp%2Fv2%2Fmedia&parent=6818"}],"wp:term":[{"taxonomy":"category","embeddable":true,"href":"https:\/\/kulturbloggen.com\/index.php?rest_route=%2Fwp%2Fv2%2Fcategories&post=6818"},{"taxonomy":"post_tag","embeddable":true,"href":"https:\/\/kulturbloggen.com\/index.php?rest_route=%2Fwp%2Fv2%2Ftags&post=6818"}],"curies":[{"name":"wp","href":"https:\/\/api.w.org\/{rel}","templated":true}]}}