{"id":67495,"date":"2013-03-03T08:30:35","date_gmt":"2013-03-03T06:30:35","guid":{"rendered":"http:\/\/kulturbloggen.com\/?p=67495"},"modified":"2013-03-03T17:38:31","modified_gmt":"2013-03-03T15:38:31","slug":"det-toas-for-visa-och-blues","status":"publish","type":"post","link":"https:\/\/kulturbloggen.com\/?p=67495","title":{"rendered":"Det t\u00f6as f\u00f6r visa och blues"},"content":{"rendered":"<p><a href=\"http:\/\/kulturbloggen.com\/wp-content\/uploads\/2013\/03\/olamagnell.jpg\"><img loading=\"lazy\" decoding=\"async\" class=\"aligncenter size-medium wp-image-67528\" alt=\"olamagnell\" src=\"http:\/\/kulturbloggen.com\/wp-content\/uploads\/2013\/03\/olamagnell-300x225.jpg\" width=\"300\" height=\"225\" srcset=\"https:\/\/kulturbloggen.com\/wp-content\/uploads\/2013\/03\/olamagnell-300x225.jpg 300w, https:\/\/kulturbloggen.com\/wp-content\/uploads\/2013\/03\/olamagnell-1024x768.jpg 1024w, https:\/\/kulturbloggen.com\/wp-content\/uploads\/2013\/03\/olamagnell.jpg 2048w\" sizes=\"auto, (max-width: 300px) 100vw, 300px\" \/><\/a><\/p>\n<p>Det kanske inte v\u00e5ras f\u00f6r den svenska visan, men v\u00e4l t\u00f6as. Och f\u00f6rs\u00f6ken och ambitionerna \u00e4r m\u00e5nga i att ge vispubliken st\u00e4llen att avnjuta p\u00e5. Musikafton i Cornelis Anda p\u00e5 Mosebacke \u00e4r ett av de numer \u00e4ldre visscenerna i Stockholm. Of\u00f6rtrytliga Gun Hemstr\u00f6m k\u00e4mpar p\u00e5 f\u00f6r att \u00f6ppna d\u00f6rren f\u00f6r nya beg\u00e5vningar inom visa och sing song writing.<\/p>\n<p>P\u00e5 Fenix, S\u00f6dermannagatan 38 kan en g\u00e5ng i m\u00e5naden avnjutas ett annorlunda s\u00e4tt att lyssna p\u00e5 visor. Trubaduren Kurt \u00d6berg beskriver verksamheten s\u00e5 h\u00e4r, \u201den konsertserie med samtal om s\u00e5nger och deras betydelse, under fyra l\u00f6rdagar under v\u00e5ren p\u00e5 Caf\u00e9 Fenix &#8211; S\u00f6der i Stockholm\u201d.<\/p>\n<p>Premi\u00e4ren var minst sagt mycket stark, Samuel Trygger en trubadur och viss\u00e5ngare som alldeles f\u00f6r mycket lever i skuggan av musiklivet och f\u00f6rtj\u00e4nar mer \u00e4n att bara synas d\u00e5 och d\u00e5. Han \u00e4r dessutom en stor v\u00e4n av Haiku p\u00e5 svenska (japansk poesiform) och har mer \u00e4n 300 haiku i sin dator.<\/p>\n<p>Pierre Str\u00f6m en av landet stora bellmantolkare, viss\u00e5ngare ja titlarna kan bli m\u00e5nga fick en annorlunda presentation vid f\u00f6rsta tr\u00e4ffen p\u00e5 Fenix. Vi fick veta liter mer \u00e4n bara den person som ses p\u00e5 scenen.<\/p>\n<p>Det \u00e4r vad jag k\u00e4nner det annorlunda med vistr\u00e4ffarna p\u00e5 Fenix, vi inte bara lyssnar utan l\u00e4r ocks\u00e5 k\u00e4nna personerna bakom musiken. Missa inte 16 mars kl 15.00<\/p>\n<p>Ett helt otroligt arrangemang har skapat p\u00e5 mysiga Kafe Klaver en liten men naggande god musikscen p\u00e5 s\u00f6der.<\/p>\n<p><a href=\"http:\/\/kulturbloggen.com\/wp-content\/uploads\/2013\/03\/samlaser.jpg\"><img loading=\"lazy\" decoding=\"async\" class=\"alignright size-medium wp-image-67529\" alt=\"samlaser\" src=\"http:\/\/kulturbloggen.com\/wp-content\/uploads\/2013\/03\/samlaser-300x225.jpg\" width=\"300\" height=\"225\" srcset=\"https:\/\/kulturbloggen.com\/wp-content\/uploads\/2013\/03\/samlaser-300x225.jpg 300w, https:\/\/kulturbloggen.com\/wp-content\/uploads\/2013\/03\/samlaser-1024x768.jpg 1024w, https:\/\/kulturbloggen.com\/wp-content\/uploads\/2013\/03\/samlaser.jpg 2048w\" sizes=\"auto, (max-width: 300px) 100vw, 300px\" \/><\/a>D\u00e4r har Sam Carlquist, Victor Estby samt Fred Lane f\u00f6rlagt sina arrangemang, en blandning av Sam Carlquists vackra dikter, Victor Estbys slagf\u00e4rdiga dagsverser tillsammans med Fred Lane som tonsatt n\u00e4rmare 30 av dem. Den h\u00e4r g\u00e5ngen g\u00e4stades man av Ola Magnell, en viss\u00e5ngare vars r\u00f6st \u00e4r lika str\u00e5lande idag som n\u00e4r han b\u00f6rjade som artist, vars texter \u00e4r of\u00f6rgl\u00f6mliga. En sing songwriter av b\u00e4sta slag. N\u00e4sta arrangemang p\u00e5 Klaver \u00e4r den 27 april.<\/p>\n<p>Big Ben var en g\u00e5ng Stockholms mest frekventerade Musikscen i Stockholm, Bernt Ridderstr\u00f6m startade det hela, gjorde uppeh\u00e5ll och \u00e4r nu sedan n\u00e5gra \u00e5r tillbaks igen.<br \/>\nMusikm\u00f6tena p\u00e5 hos Bernt \u00e4r lika sp\u00e4nnande som ibland of\u00f6ruts\u00e4gbara, f\u00f6r det \u00e4r inte bara de k\u00e4nda ansiktena som kommer utan ocks\u00e5 grupper, musiker vars namn inte f\u00e4st i Stockholm som Richard Lindgren fr\u00e5n Malm\u00f6.<br \/>\nN\u00e4sta stora \u00e4r Crawfish Cook \u2013 funk och R&amp;B fr\u00e5n New Orleans. Vinter dansas ut, s\u00e4ger Bernt till varma o heta New Orleanstoner.<br \/>\nDen stora satsningen blir den 29 april med Elliott Murphy tillsammans med Olivier Durand, fransk grymt bra gitarrist, med Basse Wickman som f\u00f6rband. Eliott \u00e4r inte bara en sing songwriter utan ocks\u00e5 poet, f\u00f6rfattare och inte minst en av Bruce Springsteens v\u00e4nner.<br \/>\nEn annan musikalisk k\u00e4mpe \u00e4r Arne Swedin, den 8 mars st\u00e5r han bakom f\u00f6ljande arrangemang p\u00e5 Sk\u00e5l ytterligare en av de sm\u00e5 musikscenerna i Stockholm. FREDAG 8 CHOPPERSHIT (F.D. ROTMOOSChoppershit best\u00e5r av Ola Insulander gitarr, Rikard Bj\u00f6rn bas och s\u00e5ng, Michael Johansson. Repetoaren \u00e4r blues och rock. Ganska tung s\u00e5dan. Mestadels covers av bl.a Hendrix och Stevie Ray Vaughan. Dei har genom \u00e5ren (sedan mitten av 90-talet) gjort \u00e5tskilliga spelningar. Ofta p\u00e5 HD och Hot Rod tr\u00e4ffar. Nypremi\u00e4r efter ca 1\u00e5rs uppeh\u00e5ll, d\u00e5 Rikard Bj\u00f6rn skadat sig i en MC olycka. Vi hette tidigare Rootmos men byter fr\u00e5n och med nu till Choppershit.<\/p>\n<p>Arne Swedin, \u00e4r ordf\u00f6rande i Stockholms bluesf\u00f6rening och vid sidan av jobbet p\u00e5 posten tillh\u00f6r han en av alla musikmyrorna i vimlet.<\/p>\n<p>N\u00e4mnas skall ocks\u00e5 YTF som k\u00e4mpar p\u00e5 i Hjorthagens Kulturcentrum och Artister F\u00f6r Fred som kommer att starta egen visscen p\u00e5 Sk\u00e5l.<\/p>\n<p><strong>Text: Anne Sk\u00e5ner<\/strong><\/p>\n","protected":false},"excerpt":{"rendered":"<p>Det kanske inte v\u00e5ras f\u00f6r den svenska visan, men v\u00e4l t\u00f6as. Och f\u00f6rs\u00f6ken och ambitionerna \u00e4r m\u00e5nga i att ge vispubliken st\u00e4llen att avnjuta p\u00e5. Musikafton i Cornelis Anda p\u00e5 Mosebacke \u00e4r ett av de numer \u00e4ldre visscenerna i Stockholm. Of\u00f6rtrytliga Gun Hemstr\u00f6m k\u00e4mpar p\u00e5 f\u00f6r att \u00f6ppna d\u00f6rren f\u00f6r nya beg\u00e5vningar inom visa och [&hellip;]<\/p>\n","protected":false},"author":13,"featured_media":0,"comment_status":"open","ping_status":"open","sticky":false,"template":"","format":"standard","meta":{"_genesis_hide_title":false,"_genesis_hide_breadcrumbs":false,"_genesis_hide_singular_image":false,"_genesis_hide_footer_widgets":false,"_genesis_custom_body_class":"","_genesis_custom_post_class":"","_genesis_layout":"","footnotes":""},"categories":[62],"tags":[],"class_list":{"0":"post-67495","1":"post","2":"type-post","3":"status-publish","4":"format-standard","6":"category-medie-och-kulturpolitik","7":"entry"},"_links":{"self":[{"href":"https:\/\/kulturbloggen.com\/index.php?rest_route=\/wp\/v2\/posts\/67495","targetHints":{"allow":["GET"]}}],"collection":[{"href":"https:\/\/kulturbloggen.com\/index.php?rest_route=\/wp\/v2\/posts"}],"about":[{"href":"https:\/\/kulturbloggen.com\/index.php?rest_route=\/wp\/v2\/types\/post"}],"author":[{"embeddable":true,"href":"https:\/\/kulturbloggen.com\/index.php?rest_route=\/wp\/v2\/users\/13"}],"replies":[{"embeddable":true,"href":"https:\/\/kulturbloggen.com\/index.php?rest_route=%2Fwp%2Fv2%2Fcomments&post=67495"}],"version-history":[{"count":4,"href":"https:\/\/kulturbloggen.com\/index.php?rest_route=\/wp\/v2\/posts\/67495\/revisions"}],"predecessor-version":[{"id":67559,"href":"https:\/\/kulturbloggen.com\/index.php?rest_route=\/wp\/v2\/posts\/67495\/revisions\/67559"}],"wp:attachment":[{"href":"https:\/\/kulturbloggen.com\/index.php?rest_route=%2Fwp%2Fv2%2Fmedia&parent=67495"}],"wp:term":[{"taxonomy":"category","embeddable":true,"href":"https:\/\/kulturbloggen.com\/index.php?rest_route=%2Fwp%2Fv2%2Fcategories&post=67495"},{"taxonomy":"post_tag","embeddable":true,"href":"https:\/\/kulturbloggen.com\/index.php?rest_route=%2Fwp%2Fv2%2Ftags&post=67495"}],"curies":[{"name":"wp","href":"https:\/\/api.w.org\/{rel}","templated":true}]}}