{"id":66247,"date":"2013-02-08T13:13:07","date_gmt":"2013-02-08T11:13:07","guid":{"rendered":"http:\/\/kulturbloggen.com\/?p=66247"},"modified":"2013-02-08T13:13:07","modified_gmt":"2013-02-08T11:13:07","slug":"nastan-omojigt-att-saga-upp-spotify-premium-nar-nagon-dor","status":"publish","type":"post","link":"https:\/\/kulturbloggen.com\/?p=66247","title":{"rendered":"N\u00e4stan om\u00f6jigt att s\u00e4ga upp Spotify Premium n\u00e4r n\u00e5gon d\u00f6r"},"content":{"rendered":"<p><a href=\"http:\/\/kulturbloggen.com\/wp-content\/uploads\/2013\/02\/spotify-logo.jpg\"><img loading=\"lazy\" decoding=\"async\" src=\"http:\/\/kulturbloggen.com\/wp-content\/uploads\/2013\/02\/spotify-logo.jpg\" alt=\"spotify-logo\" width=\"256\" height=\"256\" class=\"aligncenter size-full wp-image-66248\" srcset=\"https:\/\/kulturbloggen.com\/wp-content\/uploads\/2013\/02\/spotify-logo.jpg 256w, https:\/\/kulturbloggen.com\/wp-content\/uploads\/2013\/02\/spotify-logo-150x150.jpg 150w\" sizes=\"auto, (max-width: 256px) 100vw, 256px\" \/><\/a><\/p>\n<p>Jag brukade betala Spotify Premium \u00e5t min yngste son. Avgiften dras varje m\u00e5nad p\u00e5 mitt kort.<br \/>\nNu h\u00e4nde det ot\u00e4nkbara, min yngste son dog, endast 21 \u00e5r gammal.<\/p>\n<p>Han har ingen nytta av Spotify Premium l\u00e4ngre. Jag tror inte Spotify har avtal med himlen eller sj\u00e4larnas rike.<\/p>\n<p>Jag f\u00f6rs\u00f6kte ringa Spotify och jag f\u00f6rs\u00f6kte kontakta dem.<br \/>\nOm\u00f6jligt.<\/p>\n<p>Vi skulle aldrig acceptera att en icke-digitalt f\u00f6retag hade s\u00e5 d\u00e5lig tillg\u00e4nglighet. Varf\u00f6r accepterar vi att dessa gigantiska IT-f\u00f6retag \u00e4r s\u00e5 underm\u00e5liga p\u00e5 att ha service?<\/p>\n<p>Visst, 99 kronor i m\u00e5naden, kanske inte \u00e4r det allra viktigaste att \u00e5tg\u00e4rda nu n\u00e4r sorgen \u00e4r s\u00e5 bed\u00f6vande. Men det k\u00e4nns on\u00f6digt att betala det \u00e4nd\u00e5. Men eftersom jag inte har inloggningsuppgifterna till hans Spotify eller hans mail s\u00e5 kan jag inte s\u00e4ga upp avtalet utan Spotify forts\u00e4tter att dra pengar varje m\u00e5nad.<\/p>\n<p>Ja jag talade med banken och gjorde det enda som var m\u00f6jligt: jag fick anm\u00e4la mitt kort f\u00f6rsvunnet och fick ett nytt med ett nytt nummer.<br \/>\nAllts\u00e5 fick jag vara utan bankomatkort i flera dagar och eftersom jag betalar mitt egna Spotify Premium med det kommer mitt abonnemang att bli avst\u00e4ngt tills jag meddelat det nya kortets nummer.<\/p>\n<p>Jag tycker s\u00e5dant h\u00e4r \u00e4r under all kritik. Vi m\u00e5ste kr\u00e4va mer tillm\u00f6tesg\u00e5ende av dessa stora f\u00f6retag.<\/p>\n","protected":false},"excerpt":{"rendered":"<p>Jag brukade betala Spotify Premium \u00e5t min yngste son. Avgiften dras varje m\u00e5nad p\u00e5 mitt kort. Nu h\u00e4nde det ot\u00e4nkbara, min yngste son dog, endast 21 \u00e5r gammal. Han har ingen nytta av Spotify Premium l\u00e4ngre. Jag tror inte Spotify har avtal med himlen eller sj\u00e4larnas rike. Jag f\u00f6rs\u00f6kte ringa Spotify och jag f\u00f6rs\u00f6kte kontakta [&hellip;]<\/p>\n","protected":false},"author":2,"featured_media":0,"comment_status":"open","ping_status":"open","sticky":false,"template":"","format":"standard","meta":{"_genesis_hide_title":false,"_genesis_hide_breadcrumbs":false,"_genesis_hide_singular_image":false,"_genesis_hide_footer_widgets":false,"_genesis_custom_body_class":"","_genesis_custom_post_class":"","_genesis_layout":"","footnotes":""},"categories":[44,62],"tags":[],"class_list":{"0":"post-66247","1":"post","2":"type-post","3":"status-publish","4":"format-standard","6":"category-chadie","7":"category-medie-och-kulturpolitik","8":"entry"},"_links":{"self":[{"href":"https:\/\/kulturbloggen.com\/index.php?rest_route=\/wp\/v2\/posts\/66247","targetHints":{"allow":["GET"]}}],"collection":[{"href":"https:\/\/kulturbloggen.com\/index.php?rest_route=\/wp\/v2\/posts"}],"about":[{"href":"https:\/\/kulturbloggen.com\/index.php?rest_route=\/wp\/v2\/types\/post"}],"author":[{"embeddable":true,"href":"https:\/\/kulturbloggen.com\/index.php?rest_route=\/wp\/v2\/users\/2"}],"replies":[{"embeddable":true,"href":"https:\/\/kulturbloggen.com\/index.php?rest_route=%2Fwp%2Fv2%2Fcomments&post=66247"}],"version-history":[{"count":1,"href":"https:\/\/kulturbloggen.com\/index.php?rest_route=\/wp\/v2\/posts\/66247\/revisions"}],"predecessor-version":[{"id":66249,"href":"https:\/\/kulturbloggen.com\/index.php?rest_route=\/wp\/v2\/posts\/66247\/revisions\/66249"}],"wp:attachment":[{"href":"https:\/\/kulturbloggen.com\/index.php?rest_route=%2Fwp%2Fv2%2Fmedia&parent=66247"}],"wp:term":[{"taxonomy":"category","embeddable":true,"href":"https:\/\/kulturbloggen.com\/index.php?rest_route=%2Fwp%2Fv2%2Fcategories&post=66247"},{"taxonomy":"post_tag","embeddable":true,"href":"https:\/\/kulturbloggen.com\/index.php?rest_route=%2Fwp%2Fv2%2Ftags&post=66247"}],"curies":[{"name":"wp","href":"https:\/\/api.w.org\/{rel}","templated":true}]}}