{"id":66183,"date":"2013-02-07T14:01:42","date_gmt":"2013-02-07T12:01:42","guid":{"rendered":"http:\/\/kulturbloggen.com\/?p=66183"},"modified":"2013-02-08T20:33:06","modified_gmt":"2013-02-08T18:33:06","slug":"premiaren-pa-den-flygande-hollandaren-pa-folkoperan-blev-en-modern-musikdramatisk-upplevelse-inte-utan-fortjanster","status":"publish","type":"post","link":"https:\/\/kulturbloggen.com\/?p=66183","title":{"rendered":"Premi\u00e4ren p\u00e5 Den flygande holl\u00e4ndaren p\u00e5 Folkoperan blev en modern musikdramatisk upplevelse inte utan f\u00f6rtj\u00e4nster"},"content":{"rendered":"<h1><a href=\"http:\/\/kulturbloggen.com\/wp-content\/uploads\/2013\/02\/flygandehollandarenfolkoperanmarkusgarder.jpg\"><img loading=\"lazy\" decoding=\"async\" class=\"aligncenter size-full wp-image-66184\" alt=\"flygandehollandarenfolkoperanmarkusgarder\" src=\"http:\/\/kulturbloggen.com\/wp-content\/uploads\/2013\/02\/flygandehollandarenfolkoperanmarkusgarder.jpg\" width=\"250\" height=\"172\" \/><\/a><strong><br \/>\n<\/strong><\/h1>\n<p><strong>Den flygande holl\u00e4ndaren<\/strong><\/p>\n<p><strong>Musik och text: Richard Wagner<\/strong><\/p>\n<p><strong>Svensk \u00f6vers\u00e4ttning: Magnus Lindman<\/strong><\/p>\n<p><strong>Premi\u00e4r Folkoperan 6 februari 2013<\/strong><\/p>\n<p>Det har varit premi\u00e4r p\u00e5 Folkoperan. Denna g\u00e5ng blev det Richard Wagners h\u00f6gromantiska verk \u201dDen flygande holl\u00e4ndaren\u201d och utan den sedvanliga orkestern och i st\u00e4llet svarade tre flyglar f\u00f6r musiken.<\/p>\n<p>Om detta \u00e4r ett musikaliskt experiment, en konstn\u00e4rlig id\u00e9 eller helt enkelt beroende p\u00e5 brist p\u00e5 pengar det kan jag inte svara p\u00e5, men innan f\u00f6rest\u00e4llningen best\u00e4mde jag mig f\u00f6r att tro att det handlar om en konstn\u00e4rlig id\u00e9 som \u00a0jag s\u00e5g framemot att f\u00e5 ta del av.<\/p>\n<p>Under \u00e5rens lopp har jag sett ett stort antal f\u00f6rest\u00e4llningar och de senaste \u00e5ren ser jag ocks\u00e5 de flesta upps\u00e4ttningar som de olika fria grupperna svarar f\u00f6r och d\u00e4rf\u00f6r \u00e4r jag inte ovan att se f\u00f6rest\u00e4llningar, d\u00e4r musiken sk\u00f6ts av en pianist. Det \u00e4r ocks\u00e5 p\u00e5 sin plats att konstatera att h\u00e4r har jag haft flera stora operaupplevelser till exempel \u201d Maskeradbalen\u201d med Opera Vega p\u00e5 Teater Pero och Scens\u00e5ngarnas version av Mozart\u00b4s \u201dDon Giovanni\u201d p\u00e5 Teater Lederman och Puccini\u00b4s \u201dLa Boh\u00e8me\u201d p\u00e5 Pipersgatan, men ocks\u00e5 Operafabrikens version av Bellini\u00b4s Romeo och Julia i Skan\u00f6rs kyrka.<\/p>\n<p>Tre flyglar l\u00e4t sp\u00e4nnande och nu efter at ha upplevt premi\u00e4ren s\u00e5 kan jag konstatera att det i stort fungerade mycket v\u00e4l som helhet, \u00e4ven om det kanske kr\u00e4ver v\u00e4l mycket av publikens \u00f6ron och nog anser jag att detta verk skall spelas av en st\u00f6rre orkester, men det beh\u00f6ver givetvis inte heller sitta 38 man i det obefintliga orkesterdiket.<\/p>\n<p>Det \u00e4r inte heller ett verk som jag har sett flera g\u00e5nger f\u00f6r jag har faktiskt bara sett \u201dDen flygande holl\u00e4ndaren en g\u00e5ng tidigare n\u00e4mligen i regi av Stein Winge p\u00e5 Malm\u00f6 Opera. D\u00e5 valde man att spela verket utan paus och det l\u00e4r vara ett \u00f6nskem\u00e5l fr\u00e5n komposit\u00f6ren sj\u00e4lv.<\/p>\n<p>I Folkoperans version hade man delat in verket i tre akter och en halvtimmes l\u00e5ng paus efter f\u00f6rsta akten. Det \u00e4r ju i och f\u00f6r sig trevligt med en paus inte minst f\u00f6r m\u00f6jligheten att f\u00e5 prata med n\u00e5gra av sina operav\u00e4nner d\u00e5, men personligen s\u00e5 k\u00e4nns det aningen rumphugget, sett fr\u00e5n den musikaliska upplevelsen, att inte ge verket, som g\u00e5r under tv\u00e5 timmar i ett str\u00e4ck dvs utan\u00a0 paus.<\/p>\n<p>Scenografiskt s\u00e5 fungerade det ganska v\u00e4l, men det \u00e4r ju inget ovanligt n\u00e4r det g\u00e4ller Folkoperans upps\u00e4ttning. Visst var det moderna anslaget ganska irriterande i form av den st\u00e4ndigt fotograferande Senta och att st\u00e4ndigt se den d\u00f6da svanen dels ligga p\u00e5 scenen dels st\u00e4ndigt projiceras i fonden k\u00e4ndes \u00f6vertydligt och vad en uppenbarligen oljeskadad svan har med verket att g\u00f6ra \u00f6verg\u00e5r min fattningsf\u00f6rm\u00e5ga.<\/p>\n<p>F\u00f6rsta akten blev en l\u00e5ng irriterande upplevelse mest beroende p\u00e5 en str\u00e5lkastare som svepte fram och tillbaka \u00f6ver salong och scenv\u00e4ggar, men ocks\u00e5 tv\u00e5 j\u00e4ttestora fl\u00e4ktar, som var placerade p\u00e5 varsin sida av scenen.<\/p>\n<p>Inte heller var jag s\u00e4rskilt imponerade av s\u00e5nginsatserna i f\u00f6rsta akten, med undantag av k\u00f6rinsatserna som var mer \u00e4n godk\u00e4nda. Musiken var inte heller s\u00e4rskilt njutbar, men det skall den kanske inte heller vara \u00a0just d\u00e4r. Kanske handlade det i n\u00e5gon m\u00e5n om premi\u00e4rnervositet?<\/p>\n<p>Om nu sanningen skall fram s\u00e5 minns jag faktiskt inte mycket av musiken fr\u00e5n Malm\u00f6-upps\u00e4ttningen, och f\u00f6r ovanlighetens skull hade jag inte heller lyssnat in musiken i f\u00f6rv\u00e4g, vilket jag vanligtvis brukar g\u00f6ra.<\/p>\n<p>Efter paus h\u00e4nde det n\u00e5got positivt och det sj\u00f6ngs mycket bra p\u00e5 alla h\u00e5ll och kanter. Redan innan\u00a0 inledningen av andra akten h\u00f6rdes mycket fina toner fr\u00e5n den kvinnliga delen av k\u00f6ren och jag b\u00f6rjade k\u00e4nna igen den romantiska musiken. Lite roligt blev det ju dessutom n\u00e4r Matilda Paulsson \u00e4ntrade scenen och sedan blev det bara b\u00e4ttre och b\u00e4ttre.<\/p>\n<p>En h\u00f6jdpunkt blev duetten mellan det ursprungliga k\u00e4rleksparet Erik, j\u00e4garen och Dalands dotter Senta. Det m\u00e4rktes en tydlig och fin klang i r\u00f6sterna hos f\u00f6rst och fr\u00e4mst Daland, som sj\u00f6ngs av Mattias Milder, men ocks\u00e5 Kosma Ranuer visade att han hade guld i strupen och h\u00e4r kan vi s\u00e4kerligen se framemot en ny wagnerst\u00e4mma.<\/p>\n<p>Ja, det \u00e4r ingen tvekan om att f\u00f6rest\u00e4llningen som helhet fick ett ordentligt lyft efter paus och jag anser att de tre pianisterna kom riktigt bra till sin r\u00e4tt, men det kvarst\u00e5ende intrycket blir i alla fall att Wagners romantiska musik kr\u00e4ver en annan instrumentering f\u00f6r att fullst\u00e4ndigt komma till sin r\u00e4tt.<\/p>\n<p><strong>Andra recensioner<\/strong><\/p>\n<p><a href=\"http:\/\/teatermagasinet.se\/?p=5987\">Teatermagasinet\u00a0<\/a><\/p>\n<p><a href=\"http:\/\/www.svd.se\/kultur\/scen\/hollandare-utan-flykt_7895968.svd\">Bo L\u00f6fvendahl i SvD<\/a><\/p>\n<p><strong>Produktionsteam<\/strong><\/p>\n<p>Musikalisk id\u00e9: Joakim Unander<\/p>\n<p>Musikarrangemang: Carl-Axel Dominique och Jonas Dominique<\/p>\n<p>i samarbete med Joan Ull\u00e9n, Joakim Unander och Bo Wannefors<\/p>\n<p>Elektroakustisk musik: Mats Lindstr\u00f6m<\/p>\n<p>Regi: Melanie Mederlind<\/p>\n<p>Musikalisk ledning\/kapellm\u00e4stare Bo Wannefors<\/p>\n<p>Scenografi: Anne Ehrlich<\/p>\n<p>Kostym: Ulrika van Gelder<\/p>\n<p>Ljus: Carina Persson<\/p>\n<p>Mask &amp; Peruk: Ther\u00e9sia Frisk<\/p>\n<p>&nbsp;<\/p>\n<p><strong>I rollerna<\/strong><\/p>\n<p>Holl\u00e4ndaren: Kosma Ranuer<\/p>\n<p>Senta: Susanna Levonen<\/p>\n<p>Erik: Mats Carisson<\/p>\n<p>Daland: Mattias Milder<\/p>\n<p>Styrmannen: Fredrik Strid<\/p>\n<p>Mary: Matilda Paulsson<\/p>\n<p><strong>Folkoperans k\u00f6<\/strong>r: Lotta Lindqvist, Miriam Ryen, Ingrid R\u00e5dholm, Sandra Bundy,Margaretha Westerlind, Jonatan L\u00f6nnqvist, Jaques Radinson,\u00a0 Carl Walln, Peter Haeggstr\u00f6m, Andreas Lundmark, Andreas Konvicka<\/p>\n<p>&nbsp;<\/p>\n<p>Pianister: Bo Wannefors, Henrik L\u00f6wenmark, Johan Ull\u00e9n<\/p>\n<p>Elektronmusiker: Cecilia Josefsson<\/p>\n<div><\/div>\n","protected":false},"excerpt":{"rendered":"<p>Den flygande holl\u00e4ndaren Musik och text: Richard Wagner Svensk \u00f6vers\u00e4ttning: Magnus Lindman Premi\u00e4r Folkoperan 6 februari 2013 Det har varit premi\u00e4r p\u00e5 Folkoperan. Denna g\u00e5ng blev det Richard Wagners h\u00f6gromantiska verk \u201dDen flygande holl\u00e4ndaren\u201d och utan den sedvanliga orkestern och i st\u00e4llet svarade tre flyglar f\u00f6r musiken. Om detta \u00e4r ett musikaliskt experiment, en konstn\u00e4rlig [&hellip;]<\/p>\n","protected":false},"author":13,"featured_media":0,"comment_status":"open","ping_status":"open","sticky":false,"template":"","format":"standard","meta":{"_genesis_hide_title":false,"_genesis_hide_breadcrumbs":false,"_genesis_hide_singular_image":false,"_genesis_hide_footer_widgets":false,"_genesis_custom_body_class":"","_genesis_custom_post_class":"","_genesis_layout":"","footnotes":""},"categories":[16],"tags":[1811,9472],"class_list":["post-66183","post","type-post","status-publish","format-standard","category-recension","tag-folkoperan","tag-premiaren-pa-den-flygande-hollandaren","entry"],"_links":{"self":[{"href":"https:\/\/kulturbloggen.com\/index.php?rest_route=\/wp\/v2\/posts\/66183","targetHints":{"allow":["GET"]}}],"collection":[{"href":"https:\/\/kulturbloggen.com\/index.php?rest_route=\/wp\/v2\/posts"}],"about":[{"href":"https:\/\/kulturbloggen.com\/index.php?rest_route=\/wp\/v2\/types\/post"}],"author":[{"embeddable":true,"href":"https:\/\/kulturbloggen.com\/index.php?rest_route=\/wp\/v2\/users\/13"}],"replies":[{"embeddable":true,"href":"https:\/\/kulturbloggen.com\/index.php?rest_route=%2Fwp%2Fv2%2Fcomments&post=66183"}],"version-history":[{"count":6,"href":"https:\/\/kulturbloggen.com\/index.php?rest_route=\/wp\/v2\/posts\/66183\/revisions"}],"predecessor-version":[{"id":66270,"href":"https:\/\/kulturbloggen.com\/index.php?rest_route=\/wp\/v2\/posts\/66183\/revisions\/66270"}],"wp:attachment":[{"href":"https:\/\/kulturbloggen.com\/index.php?rest_route=%2Fwp%2Fv2%2Fmedia&parent=66183"}],"wp:term":[{"taxonomy":"category","embeddable":true,"href":"https:\/\/kulturbloggen.com\/index.php?rest_route=%2Fwp%2Fv2%2Fcategories&post=66183"},{"taxonomy":"post_tag","embeddable":true,"href":"https:\/\/kulturbloggen.com\/index.php?rest_route=%2Fwp%2Fv2%2Ftags&post=66183"}],"curies":[{"name":"wp","href":"https:\/\/api.w.org\/{rel}","templated":true}]}}