{"id":65599,"date":"2013-01-25T12:43:45","date_gmt":"2013-01-25T10:43:45","guid":{"rendered":"http:\/\/kulturbloggen.com\/?p=65599"},"modified":"2013-01-25T12:54:13","modified_gmt":"2013-01-25T10:54:13","slug":"motorhead-och-the-sword-till-metaltown","status":"publish","type":"post","link":"https:\/\/kulturbloggen.com\/?p=65599","title":{"rendered":"Mot\u00f6rhead och The Sword till Metaltown"},"content":{"rendered":"<p><a href=\"http:\/\/kulturbloggen.com\/wp-content\/uploads\/2013\/01\/motorhead.jpg\"><img loading=\"lazy\" decoding=\"async\" class=\"aligncenter size-medium wp-image-65601\" alt=\"motorhead\" src=\"http:\/\/kulturbloggen.com\/wp-content\/uploads\/2013\/01\/motorhead-300x133.jpg\" width=\"300\" height=\"133\" srcset=\"https:\/\/kulturbloggen.com\/wp-content\/uploads\/2013\/01\/motorhead-300x133.jpg 300w, https:\/\/kulturbloggen.com\/wp-content\/uploads\/2013\/01\/motorhead.jpg 600w\" sizes=\"auto, (max-width: 300px) 100vw, 300px\" \/><\/a><\/p>\n<p>Metal-festivalen i G\u00f6teborg har bokat ett av de stora metallbanden, Mot\u00f6rhead. S\u00e5 de som missade bandet p\u00e5 Sweden Rock i somras eller vill uppleva Lemmy och grabbarna igen kan boka sig f\u00f6r <a href=\"http:\/\/www.metaltown.se\/\">Metaltown<\/a>.<\/p>\n<p>Ett pressmeddelande ber\u00e4ttar om dagens tv\u00e5 bokningar, Mot\u00f6rhead och The Sword:<\/p>\n<p><strong>Mot\u00f6rhead<\/strong><\/p>\n<blockquote><p><em>&#8221;I sommar \u00e5terv\u00e4nder legendarerna till Metaltown!<\/em><\/p>\n<p><em>Genom att v\u00e4gra f\u00f6lja konventioner, traditioner och redan upptrampade stigar s\u00e5g Mot\u00f6rhead, med sina f\u00f6rsta album, till att l\u00e4gga grunden f\u00f6r s\u00e5 v\u00e4l speed metall som thrash metal. Dom var helt enkelt brutalare, snabbare, lortigare, elakare och mer h\u00f6gljudda \u00e4n n\u00e5gon annan. Och s\u00e5 har det fortsatt.<\/em><\/p>\n<p><em>Anf\u00f6rda av Lemmy har Mot\u00f6rhead aldrig ens funderat p\u00e5 att sakta in eller t\u00e4nka efter. F\u00f6rra \u00e5ret var det 35 \u00e5r sen den sj\u00e4lvbetitlade debuten sl\u00e4pptes. Men till skillnad mot f\u00f6r m\u00e5nga andra akter som debuterade under slutet av 70-talet har Mot\u00f6rhead aldrig ens funderat p\u00e5 att lugna ner sig, blicka bak\u00e5t och skaffa ett mognare anslag.<\/em><\/p>\n<p><em>20 studioalbum och drygt 30 miljoner s\u00e5lda ex in i karri\u00e4ren lutar sig Mot\u00f6rhead fortfarande mot samma formula som en g\u00e5ng kickastartade allting: S\u00e5 snabbt som m\u00f6jligt p\u00e5 s\u00e5 h\u00f6g volym som m\u00f6jligt.<\/em><\/p>\n<p><em>2006 hade vi det stora n\u00f6jet att f\u00f6r f\u00f6rsta g\u00e5ngen h\u00e4lsa Mot\u00f6rhead v\u00e4lkomna till Metaltown. I \u00e5r f\u00e5r vi \u00e5terigen \u00e5terse ett av dom viktigaste pionj\u00e4rbanden.&#8221;<\/em><\/p><\/blockquote>\n<p><strong>The Sword<\/strong><\/p>\n<blockquote><p><em>&#8221;Som en f\u00f6r\u00f6dande r\u00e5kraft sveper amerikanska The Sword fram. Bev\u00e4pnade med sina skoningsl\u00f6st drivna riff n\u00f6ter de ner allt motst\u00e5nd och f\u00f6rvandlar eventuella skeptiker till nyfr\u00e4lsta fans.<\/em><\/p>\n<p><em>Austinbandet The Sword bildades 2003 och debuten &#8217;Age of Winters&#8217; sl\u00e4pptes s\u00e5 sent som 2006. Sedan dess har allting g\u00e5tt med en enorm fart.<\/em><\/p>\n<p><em>Med ena benet inom doomen och det andra inom stonerrocken har The Sword flyttat fram sina positioner och vunnit nya fans f\u00f6r vartenda sl\u00e4pp som bandet gjort. Bland deras fanskara \u00e5terfinns numera exempelvis gubbarna i Metallica, som tidigare har handplockat The Sword som \u00f6ppningsakt.<\/em><\/p>\n<p><em>Efter 2010-\u00e5rs sci-fi-epos &#8217;Warp Rides&#8217;, d\u00e5 bandet drog mer \u00e5t h\u00e5rdrocksh\u00e5llet, \u00e5terv\u00e4nde The Sword till sitt groovebaserade ursprung med fjol\u00e5rsh\u00f6jdaren &#8221;Apocryphon&#8221;. Med den i bagaget \u00e4r de redo att inta Metaltown i sommar.&#8221;<\/em><\/p><\/blockquote>\n<p><strong>Klara sedan tidigare:<\/strong><\/p>\n<p>Slipknot, Korn, Sabaton, Danko Jones, The Dillinger Escape Plan, Graveyard, The Devil Wears Prada, Marduk, Witchcraft, Between The Buried And Me, Katatonia, Amaranthe, Bombus.<\/p>\n<p><strong>Datum<\/strong><\/p>\n<p>Metaltown 2013 &#8211; G\u00f6teborg Galopp 4-6 juli<\/p>\n<p>L\u00e4s \u00e4ven andra bloggares \u00e5sikter om <a href=\"http:\/\/bloggar.se\/om\/Metaltown\" rel=\"tag\">Metaltown<\/a>, <a href=\"http:\/\/bloggar.se\/om\/Mot%F6rhead\" rel=\"tag\">Mot\u00f6rhead<\/a>, <a href=\"http:\/\/bloggar.se\/om\/musik\" rel=\"tag\">musik<\/a>, <a href=\"http:\/\/bloggar.se\/om\/musikfestivaler\" rel=\"tag\">musikfestivaler<\/a>, <a href=\"http:\/\/bloggar.se\/om\/rockmusik\" rel=\"tag\">rockmusik<\/a>, <a href=\"http:\/\/bloggar.se\/om\/rock\" rel=\"tag\">rock<\/a><\/p>\n","protected":false},"excerpt":{"rendered":"<p>Metal-festivalen i G\u00f6teborg har bokat ett av de stora metallbanden, Mot\u00f6rhead. S\u00e5 de som missade bandet p\u00e5 Sweden Rock i somras eller vill uppleva Lemmy och grabbarna igen kan boka sig f\u00f6r Metaltown. Ett pressmeddelande ber\u00e4ttar om dagens tv\u00e5 bokningar, Mot\u00f6rhead och The Sword: Mot\u00f6rhead &#8221;I sommar \u00e5terv\u00e4nder legendarerna till Metaltown! Genom att v\u00e4gra f\u00f6lja [&hellip;]<\/p>\n","protected":false},"author":2,"featured_media":0,"comment_status":"open","ping_status":"open","sticky":false,"template":"","format":"standard","meta":{"_genesis_hide_title":false,"_genesis_hide_breadcrumbs":false,"_genesis_hide_singular_image":false,"_genesis_hide_footer_widgets":false,"_genesis_custom_body_class":"","_genesis_custom_post_class":"","_genesis_layout":"","footnotes":""},"categories":[7],"tags":[3624,3902,12282,4792,4803],"class_list":{"0":"post-65599","1":"post","2":"type-post","3":"status-publish","4":"format-standard","6":"category-musik","7":"tag-metaltown","8":"tag-motorhead","9":"tag-musik","10":"tag-rock","11":"tag-rockmusik","12":"entry"},"_links":{"self":[{"href":"https:\/\/kulturbloggen.com\/index.php?rest_route=\/wp\/v2\/posts\/65599","targetHints":{"allow":["GET"]}}],"collection":[{"href":"https:\/\/kulturbloggen.com\/index.php?rest_route=\/wp\/v2\/posts"}],"about":[{"href":"https:\/\/kulturbloggen.com\/index.php?rest_route=\/wp\/v2\/types\/post"}],"author":[{"embeddable":true,"href":"https:\/\/kulturbloggen.com\/index.php?rest_route=\/wp\/v2\/users\/2"}],"replies":[{"embeddable":true,"href":"https:\/\/kulturbloggen.com\/index.php?rest_route=%2Fwp%2Fv2%2Fcomments&post=65599"}],"version-history":[{"count":3,"href":"https:\/\/kulturbloggen.com\/index.php?rest_route=\/wp\/v2\/posts\/65599\/revisions"}],"predecessor-version":[{"id":65607,"href":"https:\/\/kulturbloggen.com\/index.php?rest_route=\/wp\/v2\/posts\/65599\/revisions\/65607"}],"wp:attachment":[{"href":"https:\/\/kulturbloggen.com\/index.php?rest_route=%2Fwp%2Fv2%2Fmedia&parent=65599"}],"wp:term":[{"taxonomy":"category","embeddable":true,"href":"https:\/\/kulturbloggen.com\/index.php?rest_route=%2Fwp%2Fv2%2Fcategories&post=65599"},{"taxonomy":"post_tag","embeddable":true,"href":"https:\/\/kulturbloggen.com\/index.php?rest_route=%2Fwp%2Fv2%2Ftags&post=65599"}],"curies":[{"name":"wp","href":"https:\/\/api.w.org\/{rel}","templated":true}]}}