{"id":6549,"date":"2009-01-20T21:20:52","date_gmt":"2009-01-20T20:20:52","guid":{"rendered":"http:\/\/kulturbloggen.com\/?p=6549"},"modified":"2009-01-20T21:20:52","modified_gmt":"2009-01-20T20:20:52","slug":"the-killers-kommer-till-hultsfred","status":"publish","type":"post","link":"https:\/\/kulturbloggen.com\/?p=6549","title":{"rendered":"The Killers kommer till Hultsfred"},"content":{"rendered":"<p><img loading=\"lazy\" decoding=\"async\" src=\"http:\/\/sodergren.com\/kulturbloggen\/wp-content\/uploads\/2009\/01\/thekillers290.jpg\" alt=\"thekillers290\" title=\"thekillers290\" width=\"290\" height=\"200\" class=\"alignnone size-full wp-image-6554\" \/><br \/>\nGillar du The Killers l\u00e5t &#8221;Human&#8221;? Nu har du chansen att h\u00f6ra den live, om du bokar dig till Hultsfredsfestivalen. The Killers \u00e4r n\u00e4mligen Headliner till 2009 \u00e5rs Hultsfredsfestival. Spelningen p\u00e5 Hultsfred 09 blir The Killers f\u00f6rsta st\u00f6rre Sverigespelning n\u00e5gonsin. Det \u00e4r \u00e4ven enda chansen att se bandet live i Sverige i sommar.<br \/>\n<!--more--><br \/>\nEtt pressmeddelande skriver:<\/p>\n<blockquote><p>Nu \u00e4r det klart att ett av v\u00e4rldens just nu st\u00f6rsta band kommer till Hultsfred. Det blir Las Vegas-bandet The Killers som headlinar \u00e5rets upplaga av Hultsfredsfestivalen.<br \/>\n&#8211; Det \u00e4r inte s\u00e5 ofta v\u00e4rlden beg\u00e5vas med nya riktigt stora band. The Killers \u00e4r dock definitivt ett s\u00e5dant. Sj\u00e4lvklart blir man b\u00e5de stolt och glad n\u00e4r ett band av den h\u00e4r digniteten v\u00e4ljer Hultsfredsfestivalen, s\u00e4ger Per Alexanderson festivalchef.<\/p>\n<p>N\u00e4r festivalpubliken fick s\u00e4ga sitt i den stora bandomr\u00f6stningen inf\u00f6r Hultsfred 09 var The Killers den i s\u00e4rklss mest \u00f6nskade internationella headlinern. Bandet bakom fjol\u00e5rets b\u00e4sta album (framr\u00f6stat av bland andra Rolling Stones Magazines l\u00e4sare) toppade festivalbes\u00f6karnas \u00f6nskelista f\u00f6re band som Metallica och Coldplay.<\/p><\/blockquote>\n<p>&#8211; The Killers har definitivt funnits p\u00e5 v\u00e5r \u00f6nskelista sedan dagarna efter f\u00f6rra \u00e5rets festival. Att sedan v\u00e5r publik har dem som sin h\u00f6gsta <\/p>\n<blockquote><p>\u00f6nskan bland utl\u00e4ndska artister g\u00f6r ju inte saken s\u00e4mre. Att de dessutom gjorde f\u00f6rra \u00e5rets b\u00e4sta l\u00e5t med \u201dHuman\u201d \u00e4r bara logiskt, s\u00e4ger Per Alexanderson.<\/p>\n<p>\u00c4nda sedan den m\u00e5ngmiljons\u00e4ljande debuten \u201dHot Fuss\u201d har The Killers varit ett av v\u00e4rldens st\u00f6rsta nutida band. Efter 2006-\u00e5rs album \u201dSam\u2019s Town\u201d, som inneh\u00f6ll supersingel \u201dWhen You Were Young\u201d, och samlingen \u201dSawdust\u201d fr\u00e5n 2007 sl\u00e4ppte The Killers f\u00f6rra \u00e5ret succ\u00e9singeln \u201dHuman\u201d och albumet \u201dDay &#038; Age\u201d.<\/p><\/blockquote>\n<p>HITTILLS KLARA ARTISTER:<br \/>\nTHE KILLERS [US]<br \/>\nREGINA SPEKTOR [US]<br \/>\nWINNERB\u00c4CK x4 [S]<br \/>\nTIMBUKTU [S]<br \/>\nTAKIDA [S]<br \/>\nMAIA HIRASAWA [S]<br \/>\nANNA TERNHEIM [S]<br \/>\nFRIDA HYV\u00d6NEN [S]<br \/>\nMARKUS KRUNEG\u00c5RD [S]<br \/>\nDROPKICK MURPHYS [US]<br \/>\nSONIC SYNDICATE [S]<br \/>\nLENKA [AU]<br \/>\nTHE HEART STRINGS [UK]<\/p>\n<p><object width=\"425\" height=\"344\"><param name=\"movie\" value=\"http:\/\/www.youtube.com\/v\/ClV5eRnOW4g&#038;hl=sv&#038;fs=1\"><\/param><param name=\"allowFullScreen\" value=\"true\"><\/param><param name=\"allowscriptaccess\" value=\"always\"><\/param><embed src=\"http:\/\/www.youtube.com\/v\/ClV5eRnOW4g&#038;hl=sv&#038;fs=1\" type=\"application\/x-shockwave-flash\" allowscriptaccess=\"always\" allowfullscreen=\"true\" width=\"425\" height=\"344\"><\/embed><\/object><\/p>\n<p><img loading=\"lazy\" decoding=\"async\" src=\"http:\/\/sodergren.com\/kulturbloggen\/wp-content\/uploads\/2009\/01\/thekillers600-300x100.jpg\" alt=\"thekillers600\" title=\"thekillers600\" width=\"300\" height=\"100\" class=\"alignnone size-medium wp-image-6555\" \/><\/p>\n<p>Relaterat: <a href=\"http:\/\/www.aftonbladet.se\/nojesbladet\/article4219177.ab\">Aftonbladet,<\/a> <a href=\"http:\/\/www.dn.se\/DNet\/jsp\/polopoly.jsp?d=2374&#038;a=875683\">Dagens Nyheter,<\/a> <a href=\"http:\/\/www.svd.se\/kulturnoje\/nyheter\/artikel_2348279.svd\">Svenska Dagbladet,<\/a> <a href=\"http:\/\/www.barometern.se\/noje_o_kultur\/the-killers-toppar-hultsfredsfestivalen(1097528).gm\">Barometern<\/a> och <a href=\"http:\/\/www.newsdesk.se\/pressroom\/rockparty___hultsfredsfestivalen\/pressrelease\/view\/the-killers-aer-aarets-headliner-paa-hultsfred-266304\">Newsdesk<\/a>.   <\/p>\n<p>Andra bloggar om: <a href=\"http:\/\/bloggar.se\/om\/Hultsfred\" rel=\"tag\">Hultsfred<\/a>, <a href=\"http:\/\/bloggar.se\/om\/musik\" rel=\"tag\">musik<\/a>, <a href=\"http:\/\/bloggar.se\/om\/musikfestivaler\" rel=\"tag\">musikfestivaler<\/a>, <a href=\"http:\/\/bloggar.se\/om\/indiepop\" rel=\"tag\">indiepop<\/a>, <a href=\"http:\/\/bloggar.se\/om\/The+Killers\" rel=\"tag\">The Killers<\/a><\/p>\n","protected":false},"excerpt":{"rendered":"<p>Gillar du The Killers l\u00e5t &#8221;Human&#8221;? Nu har du chansen att h\u00f6ra den live, om du bokar dig till Hultsfredsfestivalen. The Killers \u00e4r n\u00e4mligen Headliner till 2009 \u00e5rs Hultsfredsfestival. Spelningen p\u00e5 Hultsfred 09 blir The Killers f\u00f6rsta st\u00f6rre Sverigespelning n\u00e5gonsin. Det \u00e4r \u00e4ven enda chansen att se bandet live i Sverige i sommar.<\/p>\n","protected":false},"author":2,"featured_media":0,"comment_status":"open","ping_status":"open","sticky":false,"template":"","format":"standard","meta":{"_genesis_hide_title":false,"_genesis_hide_breadcrumbs":false,"_genesis_hide_singular_image":false,"_genesis_hide_footer_widgets":false,"_genesis_custom_body_class":"","_genesis_custom_post_class":"","_genesis_layout":"","footnotes":""},"categories":[20],"tags":[2332,2474,12282],"class_list":{"0":"post-6549","1":"post","2":"type-post","3":"status-publish","4":"format-standard","6":"category-film","7":"tag-hultsfred","8":"tag-indiepop","9":"tag-musik","10":"entry"},"_links":{"self":[{"href":"https:\/\/kulturbloggen.com\/index.php?rest_route=\/wp\/v2\/posts\/6549","targetHints":{"allow":["GET"]}}],"collection":[{"href":"https:\/\/kulturbloggen.com\/index.php?rest_route=\/wp\/v2\/posts"}],"about":[{"href":"https:\/\/kulturbloggen.com\/index.php?rest_route=\/wp\/v2\/types\/post"}],"author":[{"embeddable":true,"href":"https:\/\/kulturbloggen.com\/index.php?rest_route=\/wp\/v2\/users\/2"}],"replies":[{"embeddable":true,"href":"https:\/\/kulturbloggen.com\/index.php?rest_route=%2Fwp%2Fv2%2Fcomments&post=6549"}],"version-history":[{"count":0,"href":"https:\/\/kulturbloggen.com\/index.php?rest_route=\/wp\/v2\/posts\/6549\/revisions"}],"wp:attachment":[{"href":"https:\/\/kulturbloggen.com\/index.php?rest_route=%2Fwp%2Fv2%2Fmedia&parent=6549"}],"wp:term":[{"taxonomy":"category","embeddable":true,"href":"https:\/\/kulturbloggen.com\/index.php?rest_route=%2Fwp%2Fv2%2Fcategories&post=6549"},{"taxonomy":"post_tag","embeddable":true,"href":"https:\/\/kulturbloggen.com\/index.php?rest_route=%2Fwp%2Fv2%2Ftags&post=6549"}],"curies":[{"name":"wp","href":"https:\/\/api.w.org\/{rel}","templated":true}]}}