{"id":6535,"date":"2009-01-20T16:02:16","date_gmt":"2009-01-20T15:02:16","guid":{"rendered":"http:\/\/kulturbloggen.com\/?p=6535"},"modified":"2009-01-20T16:02:16","modified_gmt":"2009-01-20T15:02:16","slug":"nu-kan-du-rosta-pa-kulturbloggen-en-gang-om-dagen-far-du-rosta","status":"publish","type":"post","link":"https:\/\/kulturbloggen.com\/?p=6535","title":{"rendered":"Nu kan du r\u00f6sta p\u00e5 Kulturbloggen &#8211; en g\u00e5ng om dagen f\u00e5r du r\u00f6sta"},"content":{"rendered":"<p>Kulturbloggens medarbetare \u00e4r j\u00e4tteglada \u00f6ver att den h\u00e4r bloggen nominerats till Stora Bloggpriset. <strong><a href=\"http:\/\/wwwapp.aftonbladet.se\/bloggpriset\/index.jsp\">Nu har omr\u00f6stningen startat och du kan r\u00f6sta h\u00e4r.<\/a><\/strong><br \/>\nMan f\u00e5r r\u00f6sta en g\u00e5ng om dagen, s\u00e5 om du gillar Kulturbloggen: g\u00e5 dit en g\u00e5ng om dagen och r\u00f6sta p\u00e5 oss.<br \/>\n<!--more--><br \/>\nStora Bloggpriset \u00e4r instiftat av Aftonbladet.<br \/>\nPriset har sju kategorier och nu ska svenska folket r\u00f6sta fram en vinnare i varje kategori. Kulturbloggen \u00e4r nominerad i kategorin N\u00f6je och kultur.<\/p>\n<p>Andra bloggar om: <a href=\"http:\/\/bloggar.se\/om\/Stora+Bloggpriset\" rel=\"tag\">Stora Bloggpriset<\/a>, <a href=\"http:\/\/bloggar.se\/om\/Kulturbloggen\" rel=\"tag\">Kulturbloggen<\/a>, <a href=\"http:\/\/bloggar.se\/om\/r%F6sta\" rel=\"tag\">r\u00f6sta<\/a><\/p>\n","protected":false},"excerpt":{"rendered":"<p>Kulturbloggens medarbetare \u00e4r j\u00e4tteglada \u00f6ver att den h\u00e4r bloggen nominerats till Stora Bloggpriset. Nu har omr\u00f6stningen startat och du kan r\u00f6sta h\u00e4r. Man f\u00e5r r\u00f6sta en g\u00e5ng om dagen, s\u00e5 om du gillar Kulturbloggen: g\u00e5 dit en g\u00e5ng om dagen och r\u00f6sta p\u00e5 oss.<\/p>\n","protected":false},"author":2,"featured_media":0,"comment_status":"open","ping_status":"open","sticky":false,"template":"","format":"standard","meta":{"_genesis_hide_title":false,"_genesis_hide_breadcrumbs":false,"_genesis_hide_singular_image":false,"_genesis_hide_footer_widgets":false,"_genesis_custom_body_class":"","_genesis_custom_post_class":"","_genesis_layout":"","footnotes":""},"categories":[20],"tags":[737,5425],"class_list":{"0":"post-6535","1":"post","2":"type-post","3":"status-publish","4":"format-standard","6":"category-film","7":"tag-bloggpris","8":"tag-stora-bloggpriset","9":"entry"},"_links":{"self":[{"href":"https:\/\/kulturbloggen.com\/index.php?rest_route=\/wp\/v2\/posts\/6535","targetHints":{"allow":["GET"]}}],"collection":[{"href":"https:\/\/kulturbloggen.com\/index.php?rest_route=\/wp\/v2\/posts"}],"about":[{"href":"https:\/\/kulturbloggen.com\/index.php?rest_route=\/wp\/v2\/types\/post"}],"author":[{"embeddable":true,"href":"https:\/\/kulturbloggen.com\/index.php?rest_route=\/wp\/v2\/users\/2"}],"replies":[{"embeddable":true,"href":"https:\/\/kulturbloggen.com\/index.php?rest_route=%2Fwp%2Fv2%2Fcomments&post=6535"}],"version-history":[{"count":0,"href":"https:\/\/kulturbloggen.com\/index.php?rest_route=\/wp\/v2\/posts\/6535\/revisions"}],"wp:attachment":[{"href":"https:\/\/kulturbloggen.com\/index.php?rest_route=%2Fwp%2Fv2%2Fmedia&parent=6535"}],"wp:term":[{"taxonomy":"category","embeddable":true,"href":"https:\/\/kulturbloggen.com\/index.php?rest_route=%2Fwp%2Fv2%2Fcategories&post=6535"},{"taxonomy":"post_tag","embeddable":true,"href":"https:\/\/kulturbloggen.com\/index.php?rest_route=%2Fwp%2Fv2%2Ftags&post=6535"}],"curies":[{"name":"wp","href":"https:\/\/api.w.org\/{rel}","templated":true}]}}