{"id":65249,"date":"2013-01-18T01:31:35","date_gmt":"2013-01-17T23:31:35","guid":{"rendered":"http:\/\/kulturbloggen.com\/?p=65249"},"modified":"2013-01-18T01:31:35","modified_gmt":"2013-01-17T23:31:35","slug":"bilder-fran-emi-showcase-pa-debaser-medis","status":"publish","type":"post","link":"https:\/\/kulturbloggen.com\/?p=65249","title":{"rendered":"Bilder fr\u00e5n EMI Showcase p\u00e5 Debaser Medis"},"content":{"rendered":"<p style=\"text-align: center;\"><a href=\"http:\/\/kulturbloggen.com\/?attachment_id=65250\" rel=\"attachment wp-att-65250\"><img loading=\"lazy\" decoding=\"async\" class=\"aligncenter  wp-image-65250\" alt=\"_MG_1296\" src=\"http:\/\/kulturbloggen.com\/wp-content\/uploads\/2013\/01\/MG_1296.jpg\" width=\"296\" height=\"198\" srcset=\"https:\/\/kulturbloggen.com\/wp-content\/uploads\/2013\/01\/MG_1296.jpg 4752w, https:\/\/kulturbloggen.com\/wp-content\/uploads\/2013\/01\/MG_1296-300x200.jpg 300w, https:\/\/kulturbloggen.com\/wp-content\/uploads\/2013\/01\/MG_1296-1024x682.jpg 1024w\" sizes=\"auto, (max-width: 296px) 100vw, 296px\" \/><\/a><\/p>\n<p>F\u00f6rsta bandet att visa upp sig var <strong>Numera!<\/strong> &#8211; en duo fr\u00e5n \u00d6land som b\u00f6rjade med att framf\u00f6ra sin radiohit <em>Varf\u00f6r g\u00f6r du det med honom?<\/em> innan de premi\u00e4rspelade den nya l\u00e5ten <em>Samma tjat<\/em>.<\/p>\n<p style=\"text-align: center;\"><a href=\"http:\/\/kulturbloggen.com\/?attachment_id=65253\" rel=\"attachment wp-att-65253\"><img loading=\"lazy\" decoding=\"async\" class=\"aligncenter  wp-image-65253\" alt=\"_MG_1313\" src=\"http:\/\/kulturbloggen.com\/wp-content\/uploads\/2013\/01\/MG_1313.jpg\" width=\"296\" height=\"198\" srcset=\"https:\/\/kulturbloggen.com\/wp-content\/uploads\/2013\/01\/MG_1313.jpg 4752w, https:\/\/kulturbloggen.com\/wp-content\/uploads\/2013\/01\/MG_1313-300x200.jpg 300w, https:\/\/kulturbloggen.com\/wp-content\/uploads\/2013\/01\/MG_1313-1024x682.jpg 1024w\" sizes=\"auto, (max-width: 296px) 100vw, 296px\" \/><\/a><\/p>\n<p>Kv\u00e4llens andra akt var Sk\u00f6vde-baserade\u00a0<strong>Sara &amp; Alex<\/strong> som inledde med att ensamma framf\u00f6ra pianonumret <em>P\u00e5 andra sidan stan<\/em> innan resten av bandet gjorde dem s\u00e4llskap under debutsingeln <em>Vecka 42\u00a0<\/em>som ges ut i v\u00e5r.<\/p>\n<p style=\"text-align: center;\"><a href=\"http:\/\/kulturbloggen.com\/?attachment_id=65255\" rel=\"attachment wp-att-65255\"><img loading=\"lazy\" decoding=\"async\" class=\"aligncenter  wp-image-65255\" alt=\"_MG_1339\" src=\"http:\/\/kulturbloggen.com\/wp-content\/uploads\/2013\/01\/MG_1339.jpg\" width=\"296\" height=\"198\" srcset=\"https:\/\/kulturbloggen.com\/wp-content\/uploads\/2013\/01\/MG_1339.jpg 4752w, https:\/\/kulturbloggen.com\/wp-content\/uploads\/2013\/01\/MG_1339-300x200.jpg 300w, https:\/\/kulturbloggen.com\/wp-content\/uploads\/2013\/01\/MG_1339-1024x682.jpg 1024w\" sizes=\"auto, (max-width: 296px) 100vw, 296px\" \/><\/a><\/p>\n<p><strong>Vinsten<\/strong> var band nummer fyra. De framf\u00f6rde sin l\u00e5t <em>Luckiest Girl<\/em>\u00a0&#8211; k\u00e4nd fr\u00e5n SVT Play-programmet Portkod 1321 &#8211; i akustisk tappning.<\/p>\n<p style=\"text-align: center;\"><a href=\"http:\/\/kulturbloggen.com\/?attachment_id=65256\" rel=\"attachment wp-att-65256\"><img loading=\"lazy\" decoding=\"async\" class=\"aligncenter  wp-image-65256\" alt=\"_MG_1358 (640x427)\" src=\"http:\/\/kulturbloggen.com\/wp-content\/uploads\/2013\/01\/MG_1358-640x427.jpg\" width=\"307\" height=\"205\" srcset=\"https:\/\/kulturbloggen.com\/wp-content\/uploads\/2013\/01\/MG_1358-640x427.jpg 640w, https:\/\/kulturbloggen.com\/wp-content\/uploads\/2013\/01\/MG_1358-640x427-300x200.jpg 300w\" sizes=\"auto, (max-width: 307px) 100vw, 307px\" \/><\/a><\/p>\n<p><strong>Tjuvjakt<\/strong>\u00a0best\u00e5r av Jonathan Holmquist, Arvid Lundquist, Olle Grafstr\u00f6m och Jesper Sw\u00e4rd. De framf\u00f6rde tv\u00e5 hiphop-l\u00e5tar.<\/p>\n<p style=\"text-align: center;\"><img loading=\"lazy\" decoding=\"async\" class=\"aligncenter  wp-image-65257\" alt=\"_MG_1397 (427x640)\" src=\"http:\/\/kulturbloggen.com\/wp-content\/uploads\/2013\/01\/MG_1397-427x640.jpg\" width=\"205\" height=\"307\" srcset=\"https:\/\/kulturbloggen.com\/wp-content\/uploads\/2013\/01\/MG_1397-427x640.jpg 427w, https:\/\/kulturbloggen.com\/wp-content\/uploads\/2013\/01\/MG_1397-427x640-200x300.jpg 200w\" sizes=\"auto, (max-width: 205px) 100vw, 205px\" \/><\/p>\n<p>Sedan var det dags f\u00f6r <strong>Miriam Bryant<\/strong>, som av Aftonbladet utsetts till v\u00e5r n\u00e4sta stora stj\u00e4rna, att framf\u00f6ra ett pianonummer innan resten av hennes komband klev upp p\u00e5 scen f\u00f6r att framf\u00f6ra singlarna <em>Push Play<\/em> och <em>Finders Keepers.<\/em><\/p>\n<p style=\"text-align: center;\"><a href=\"http:\/\/kulturbloggen.com\/?attachment_id=65258\" rel=\"attachment wp-att-65258\"><img loading=\"lazy\" decoding=\"async\" class=\"aligncenter  wp-image-65258\" alt=\"_MG_1440 (640x427)\" src=\"http:\/\/kulturbloggen.com\/wp-content\/uploads\/2013\/01\/MG_1440-640x427.jpg\" width=\"307\" height=\"205\" srcset=\"https:\/\/kulturbloggen.com\/wp-content\/uploads\/2013\/01\/MG_1440-640x427.jpg 640w, https:\/\/kulturbloggen.com\/wp-content\/uploads\/2013\/01\/MG_1440-640x427-300x200.jpg 300w\" sizes=\"auto, (max-width: 307px) 100vw, 307px\" \/><\/a><\/p>\n<p>G\u00f6teborgsbandet <strong>H\u00e4stpojken<\/strong> spelade l\u00e5tar som <em>En kajal<\/em> och<em> Sommarvin<\/em> fr\u00e5n sitt kommande album <em>En magisk tanke<\/em> som ges ut i februari.<\/p>\n<p style=\"text-align: center;\"><a href=\"http:\/\/kulturbloggen.com\/?attachment_id=65259\" rel=\"attachment wp-att-65259\"><img loading=\"lazy\" decoding=\"async\" class=\"aligncenter  wp-image-65259\" alt=\"_MG_1508 (640x427)\" src=\"http:\/\/kulturbloggen.com\/wp-content\/uploads\/2013\/01\/MG_1508-640x427.jpg\" width=\"307\" height=\"205\" srcset=\"https:\/\/kulturbloggen.com\/wp-content\/uploads\/2013\/01\/MG_1508-640x427.jpg 640w, https:\/\/kulturbloggen.com\/wp-content\/uploads\/2013\/01\/MG_1508-640x427-300x200.jpg 300w\" sizes=\"auto, (max-width: 307px) 100vw, 307px\" \/><\/a><\/p>\n<p>Sist ut var <strong>Alina Devecerski<\/strong> som framf\u00f6rde l\u00e5tarna <em>Krigar precis som du<\/em>, <em>Jag sv\u00e4r<\/em> och <em>De e dark nu<\/em> fr\u00e5n sitt debutalbum <em>Maraton<\/em>.<\/p>\n<p><iframe loading=\"lazy\" src=\"http:\/\/www.youtube.com\/embed\/J9Xl8ne0aRI\" height=\"315\" width=\"420\" allowfullscreen=\"\" frameborder=\"0\"><\/iframe><\/p>\n<p>Foto: Emma Andersson<\/p>\n","protected":false},"excerpt":{"rendered":"<p>F\u00f6rsta bandet att visa upp sig var Numera! &#8211; en duo fr\u00e5n \u00d6land som b\u00f6rjade med att framf\u00f6ra sin radiohit Varf\u00f6r g\u00f6r du det med honom? innan de premi\u00e4rspelade den nya l\u00e5ten Samma tjat. Kv\u00e4llens andra akt var Sk\u00f6vde-baserade\u00a0Sara &amp; Alex som inledde med att ensamma framf\u00f6ra pianonumret P\u00e5 andra sidan stan innan resten av [&hellip;]<\/p>\n","protected":false},"author":3,"featured_media":0,"comment_status":"open","ping_status":"open","sticky":false,"template":"","format":"standard","meta":{"_genesis_hide_title":false,"_genesis_hide_breadcrumbs":false,"_genesis_hide_singular_image":false,"_genesis_hide_footer_widgets":false,"_genesis_custom_body_class":"","_genesis_custom_post_class":"","_genesis_layout":"","footnotes":""},"categories":[7],"tags":[7808,1187,1500,2375,9336,9334,9338,9335,9337],"class_list":{"0":"post-65249","1":"post","2":"type-post","3":"status-publish","4":"format-standard","6":"category-musik","7":"tag-alina-devecerski","8":"tag-debaser","9":"tag-emi","10":"tag-hastpojken","11":"tag-miriam-bryant","12":"tag-numera","13":"tag-sara-alex","14":"tag-tjuvjakt","15":"tag-vinsten","16":"entry"},"_links":{"self":[{"href":"https:\/\/kulturbloggen.com\/index.php?rest_route=\/wp\/v2\/posts\/65249","targetHints":{"allow":["GET"]}}],"collection":[{"href":"https:\/\/kulturbloggen.com\/index.php?rest_route=\/wp\/v2\/posts"}],"about":[{"href":"https:\/\/kulturbloggen.com\/index.php?rest_route=\/wp\/v2\/types\/post"}],"author":[{"embeddable":true,"href":"https:\/\/kulturbloggen.com\/index.php?rest_route=\/wp\/v2\/users\/3"}],"replies":[{"embeddable":true,"href":"https:\/\/kulturbloggen.com\/index.php?rest_route=%2Fwp%2Fv2%2Fcomments&post=65249"}],"version-history":[{"count":1,"href":"https:\/\/kulturbloggen.com\/index.php?rest_route=\/wp\/v2\/posts\/65249\/revisions"}],"predecessor-version":[{"id":65260,"href":"https:\/\/kulturbloggen.com\/index.php?rest_route=\/wp\/v2\/posts\/65249\/revisions\/65260"}],"wp:attachment":[{"href":"https:\/\/kulturbloggen.com\/index.php?rest_route=%2Fwp%2Fv2%2Fmedia&parent=65249"}],"wp:term":[{"taxonomy":"category","embeddable":true,"href":"https:\/\/kulturbloggen.com\/index.php?rest_route=%2Fwp%2Fv2%2Fcategories&post=65249"},{"taxonomy":"post_tag","embeddable":true,"href":"https:\/\/kulturbloggen.com\/index.php?rest_route=%2Fwp%2Fv2%2Ftags&post=65249"}],"curies":[{"name":"wp","href":"https:\/\/api.w.org\/{rel}","templated":true}]}}