{"id":6521,"date":"2009-01-19T20:34:00","date_gmt":"2009-01-19T19:34:00","guid":{"rendered":"http:\/\/kulturbloggen.com\/?p=6521"},"modified":"2009-01-19T20:34:00","modified_gmt":"2009-01-19T19:34:00","slug":"pj-harvey-till-sverige","status":"publish","type":"post","link":"https:\/\/kulturbloggen.com\/?p=6521","title":{"rendered":"PJ Harvey till Sverige"},"content":{"rendered":"<p><img loading=\"lazy\" decoding=\"async\" src=\"http:\/\/sodergren.com\/kulturbloggen\/wp-content\/uploads\/2009\/01\/pjharvey290.jpg\" alt=\"pjharvey290\" title=\"pjharvey290\" width=\"290\" height=\"200\" class=\"alignnone size-full wp-image-6522\" \/><br \/>\nPJ Harvey kommer till Sverige. Hon spelar p\u00e5 Nalen i Stockholm tillsammans med John Parish den 9 maj.<br \/>\n<!--more--><br \/>\nPJ Harvey \u00e4r p\u00e5 g\u00e5ng med ny skiva.<br \/>\nHarveys nya skiva \u201dA woman a man walked by\u201d kommer i mars och biljetterna till konserten sl\u00e4pps den 21 januari.<\/p>\n<p>PJ HARVEY live GOOD FORTUNE<\/p>\n<p><object width=\"425\" height=\"344\"><param name=\"movie\" value=\"http:\/\/www.youtube.com\/v\/VGDRo2KyXD8&#038;hl=sv&#038;fs=1\"><\/param><param name=\"allowFullScreen\" value=\"true\"><\/param><param name=\"allowscriptaccess\" value=\"always\"><\/param><embed src=\"http:\/\/www.youtube.com\/v\/VGDRo2KyXD8&#038;hl=sv&#038;fs=1\" type=\"application\/x-shockwave-flash\" allowscriptaccess=\"always\" allowfullscreen=\"true\" width=\"425\" height=\"344\"><\/embed><\/object><\/p>\n<p>Relaterat:<br \/>\n<a href=\"http:\/\/www.aftonbladet.se\/nojesbladet\/musik\/article4212032.ab\">Aftonbladet<\/a><\/p>\n<p>Andra bloggar om: <a href=\"http:\/\/bloggar.se\/om\/musik\" rel=\"tag\">musik<\/a>, <a href=\"http:\/\/bloggar.se\/om\/rockmusik\" rel=\"tag\">rockmusik<\/a>, <a href=\"http:\/\/bloggar.se\/om\/punk\" rel=\"tag\">punk<\/a>, <a href=\"http:\/\/bloggar.se\/om\/konserter\" rel=\"tag\">konserter<\/a>, <a href=\"http:\/\/bloggar.se\/om\/artister\" rel=\"tag\">artister<\/a>, <a href=\"http:\/\/bloggar.se\/om\/PJ+Harvey\" rel=\"tag\">PJ Harvey<\/a><\/p>\n","protected":false},"excerpt":{"rendered":"<p>PJ Harvey kommer till Sverige. Hon spelar p\u00e5 Nalen i Stockholm tillsammans med John Parish den 9 maj.<\/p>\n","protected":false},"author":2,"featured_media":0,"comment_status":"open","ping_status":"open","sticky":false,"template":"","format":"standard","meta":{"_genesis_hide_title":false,"_genesis_hide_breadcrumbs":false,"_genesis_hide_singular_image":false,"_genesis_hide_footer_widgets":false,"_genesis_custom_body_class":"","_genesis_custom_post_class":"","_genesis_layout":"","footnotes":""},"categories":[7],"tags":[421,3004,12282,4564,4803],"class_list":{"0":"post-6521","1":"post","2":"type-post","3":"status-publish","4":"format-standard","6":"category-musik","7":"tag-artister","8":"tag-konserter","9":"tag-musik","10":"tag-punk","11":"tag-rockmusik","12":"entry"},"_links":{"self":[{"href":"https:\/\/kulturbloggen.com\/index.php?rest_route=\/wp\/v2\/posts\/6521","targetHints":{"allow":["GET"]}}],"collection":[{"href":"https:\/\/kulturbloggen.com\/index.php?rest_route=\/wp\/v2\/posts"}],"about":[{"href":"https:\/\/kulturbloggen.com\/index.php?rest_route=\/wp\/v2\/types\/post"}],"author":[{"embeddable":true,"href":"https:\/\/kulturbloggen.com\/index.php?rest_route=\/wp\/v2\/users\/2"}],"replies":[{"embeddable":true,"href":"https:\/\/kulturbloggen.com\/index.php?rest_route=%2Fwp%2Fv2%2Fcomments&post=6521"}],"version-history":[{"count":0,"href":"https:\/\/kulturbloggen.com\/index.php?rest_route=\/wp\/v2\/posts\/6521\/revisions"}],"wp:attachment":[{"href":"https:\/\/kulturbloggen.com\/index.php?rest_route=%2Fwp%2Fv2%2Fmedia&parent=6521"}],"wp:term":[{"taxonomy":"category","embeddable":true,"href":"https:\/\/kulturbloggen.com\/index.php?rest_route=%2Fwp%2Fv2%2Fcategories&post=6521"},{"taxonomy":"post_tag","embeddable":true,"href":"https:\/\/kulturbloggen.com\/index.php?rest_route=%2Fwp%2Fv2%2Ftags&post=6521"}],"curies":[{"name":"wp","href":"https:\/\/api.w.org\/{rel}","templated":true}]}}