{"id":6517,"date":"2009-01-19T19:46:59","date_gmt":"2009-01-19T18:46:59","guid":{"rendered":"http:\/\/kulturbloggen.com\/?p=6517"},"modified":"2009-01-19T19:46:59","modified_gmt":"2009-01-19T18:46:59","slug":"efter-fem-tysta-ar-sara-lofgren-slapper-nya-singeln-glod","status":"publish","type":"post","link":"https:\/\/kulturbloggen.com\/?p=6517","title":{"rendered":"Efter fem tysta \u00e5r: Sara L\u00f6fgren sl\u00e4pper nya singeln &#8221;Gl\u00f6d&#8221;"},"content":{"rendered":"<p><img loading=\"lazy\" decoding=\"async\" src=\"http:\/\/sodergren.com\/kulturbloggen\/wp-content\/uploads\/2009\/01\/saralofgren290.jpg\" alt=\"saralofgren290\" title=\"saralofgren290\" width=\"290\" height=\"200\" class=\"alignnone size-full wp-image-6519\" \/><br \/>\nFansen och publiken har f\u00e5tt v\u00e4nta l\u00e4nge men nu \u00e4r det \u00e4ntligen dags, st\u00e5r det i ett pressmeddelande som ber\u00e4ttar att Sara L\u00f6fgren \u00e4r p\u00e5 v\u00e4g att sl\u00e4ppa ett nytt album. F\u00f6rst ut \u00e4r en singel: 26 januari sl\u00e4pper Sara L\u00f6fgren sin nya singel \u201dGl\u00f6d\u201d som en upptakt till det kommande albumet.<br \/>\n<!--more--><br \/>\nUr pressmeddelandet:<\/p>\n<blockquote><p>Ingen l\u00e4r bli besviken p\u00e5 denna mellantempol\u00e5t med medryckande refr\u00e4ng och sk\u00f6na gitarrslingor.<br \/>\nI f\u00f6rgrunden finns f\u00f6rst\u00e5s Saras h\u00e4rliga r\u00f6st som har samma klang och styrka som tidigare men som mognat och utvecklats.<\/p><\/blockquote>\n<p> Den kommande skivan planeras att sl\u00e4ppas i maj och \u00e4r under inspelning i Polarstudion med Lennart \u00d6stlund som producent.<\/p>\n<p>Sara skriver som vanligt sina l\u00e5tar sj\u00e4lv men har bidrag fr\u00e5n s\u00e5v\u00e4l Sulo som Staffan Hellstrand, som ligger p\u00e5 samma skivbolag som Sara (Legal Records).<\/p>\n<p>Skivan kommer kort och gott att heta &#8221;Sara&#8221;.<\/p>\n<p> &#8211; Det k\u00e4nns h\u00e4rligt att \u00e4ntligen vara p\u00e5 g\u00e5ng med den nya plattan och jag \u00e4r mycket  n\u00f6jd och stolt \u00f6ver den nya singeln Gl\u00f6d&#8221;, s\u00e4ger Sara sj\u00e4lv i samband med releasen.<\/p>\n<p>Andra bloggar om: <a href=\"http:\/\/bloggar.se\/om\/skivnytt\" rel=\"tag\">skivnytt<\/a>, <a href=\"http:\/\/bloggar.se\/om\/musik\" rel=\"tag\">musik<\/a>, <a href=\"http:\/\/bloggar.se\/om\/gitarr\" rel=\"tag\">gitarr<\/a>, <a href=\"http:\/\/bloggar.se\/om\/Sara+L%F6fgren\" rel=\"tag\">Sara L\u00f6fgren<\/a><\/p>\n","protected":false},"excerpt":{"rendered":"<p>Fansen och publiken har f\u00e5tt v\u00e4nta l\u00e4nge men nu \u00e4r det \u00e4ntligen dags, st\u00e5r det i ett pressmeddelande som ber\u00e4ttar att Sara L\u00f6fgren \u00e4r p\u00e5 v\u00e4g att sl\u00e4ppa ett nytt album. F\u00f6rst ut \u00e4r en singel: 26 januari sl\u00e4pper Sara L\u00f6fgren sin nya singel \u201dGl\u00f6d\u201d som en upptakt till det kommande albumet.<\/p>\n","protected":false},"author":2,"featured_media":0,"comment_status":"open","ping_status":"open","sticky":false,"template":"","format":"standard","meta":{"_genesis_hide_title":false,"_genesis_hide_breadcrumbs":false,"_genesis_hide_singular_image":false,"_genesis_hide_footer_widgets":false,"_genesis_custom_body_class":"","_genesis_custom_post_class":"","_genesis_layout":"","footnotes":""},"categories":[7],"tags":[2001,12282,5121],"class_list":{"0":"post-6517","1":"post","2":"type-post","3":"status-publish","4":"format-standard","6":"category-musik","7":"tag-gitarr","8":"tag-musik","9":"tag-skivnytt","10":"entry"},"_links":{"self":[{"href":"https:\/\/kulturbloggen.com\/index.php?rest_route=\/wp\/v2\/posts\/6517","targetHints":{"allow":["GET"]}}],"collection":[{"href":"https:\/\/kulturbloggen.com\/index.php?rest_route=\/wp\/v2\/posts"}],"about":[{"href":"https:\/\/kulturbloggen.com\/index.php?rest_route=\/wp\/v2\/types\/post"}],"author":[{"embeddable":true,"href":"https:\/\/kulturbloggen.com\/index.php?rest_route=\/wp\/v2\/users\/2"}],"replies":[{"embeddable":true,"href":"https:\/\/kulturbloggen.com\/index.php?rest_route=%2Fwp%2Fv2%2Fcomments&post=6517"}],"version-history":[{"count":0,"href":"https:\/\/kulturbloggen.com\/index.php?rest_route=\/wp\/v2\/posts\/6517\/revisions"}],"wp:attachment":[{"href":"https:\/\/kulturbloggen.com\/index.php?rest_route=%2Fwp%2Fv2%2Fmedia&parent=6517"}],"wp:term":[{"taxonomy":"category","embeddable":true,"href":"https:\/\/kulturbloggen.com\/index.php?rest_route=%2Fwp%2Fv2%2Fcategories&post=6517"},{"taxonomy":"post_tag","embeddable":true,"href":"https:\/\/kulturbloggen.com\/index.php?rest_route=%2Fwp%2Fv2%2Ftags&post=6517"}],"curies":[{"name":"wp","href":"https:\/\/api.w.org\/{rel}","templated":true}]}}